{"id":458,"date":"2026-03-03T11:28:48","date_gmt":"2026-03-03T11:28:48","guid":{"rendered":"http:\/\/haber.rs\/srb\/?p=458"},"modified":"2026-03-03T11:31:38","modified_gmt":"2026-03-03T11:31:38","slug":"energetska-nezavisnost-srbije","status":"publish","type":"post","link":"http:\/\/haber.rs\/srb\/2026\/03\/03\/energetska-nezavisnost-srbije\/","title":{"rendered":"Energetska nezavisnost Srbije \u2013 da li smo spremni za rast potro\u0161nje?"},"content":{"rendered":"\n<p class=\"wp-block-paragraph\">Energetska nezavisnost Srbije postaje jedno od klju\u010dnih pitanja razvoja u narednih pet godina. \u010cesto se polazi od pretpostavke da je dovoljno odr\u017eati postoje\u0107e kapacitete. Me\u0111utim, pitanje narednih pet godina nije samo stabilnost, ve\u0107 i rast potra\u017enje.<\/p>\n\n\n\n<p class=\"wp-block-paragraph\">Srbija ulazi u period ubrzane elektrifikacije. Ono \u0161to se ranije grejalo na gas ili \u010dvrsta goriva sve \u010de\u0161\u0107e prelazi na inverter klime i toplotne pumpe. Industrija se modernizuje, a digitalna ekonomija zahteva ozbiljne koli\u010dine elektri\u010dne energije.<\/p>\n\n\n\n<p class=\"wp-block-paragraph\">Data centri, ve\u0161ta\u010dka inteligencija, cloud infrastruktura i nove proizvodne linije tro\u0161e vi\u0161estruko vi\u0161e energije nego klasi\u010dne administrativne zgrade. Uz to, rast broja elektri\u010dnih vozila dodatno pove\u0107ava potro\u0161nju.<\/p>\n\n\n\n<p class=\"wp-block-paragraph\">U takvim okolnostima realno je o\u010dekivati da \u0107e Srbiji u narednih pet godina biti potrebno najmanje 25\u201335% vi\u0161e proizvedene elektri\u010dne energije nego danas.<\/p>\n\n\n\n<p class=\"wp-block-paragraph\">Ako energetska nezavisnost Srbije ne bude pra\u0107ena rastom proizvodnje, potro\u0161nja \u0107e prerasti kapacitete.<\/p>\n\n\n\n<p class=\"wp-block-paragraph\">To zna\u010di da pitanje vi\u0161e nije samo kako sa\u010duvati postoje\u0107e kapacitete, ve\u0107 kako ih zna\u010dajno pove\u0107ati.<\/p>\n\n\n\n<h2 class=\"wp-block-heading\">Energetska nezavisnost Srbije i rast potro\u0161nje <\/h2>\n\n\n\n<p class=\"wp-block-paragraph\">Trenutni sistem je projektovan za dana\u0161nje potrebe, uz odre\u0111enu rezervu. Ali ako potro\u0161nja poraste za tre\u0107inu, bez novih kapaciteta rizikujemo:<\/p>\n\n\n\n<ul class=\"wp-block-list\">\n<li>pove\u0107an uvoz elektri\u010dne energije<\/li>\n\n\n\n<li>izlo\u017eenost visokim cenama na regionalnom tr\u017ei\u0161tu<\/li>\n\n\n\n<li>nestabilnost u vr\u0161nim zimskim optere\u0107enjima<\/li>\n<\/ul>\n\n\n\n<p class=\"wp-block-paragraph\">Ne radi se o scenariju restrikcija, ve\u0107 o ekonomskom pritisku i ve\u0107oj zavisnosti od spoljnog tr\u017ei\u0161ta.<\/p>\n\n\n\n<h2 class=\"wp-block-heading\">\u0160ta je realno izvodljivo do 2030?<\/h2>\n\n\n\n<p class=\"wp-block-paragraph\">U narednih pet godina Srbija mo\u017ee pove\u0107ati proizvodnju kroz:<\/p>\n\n\n\n<ol class=\"wp-block-list\">\n<li>Velike solarne parkove<\/li>\n\n\n\n<li>Vetrogeneratore u Vojvodini i isto\u010dnoj Srbiji<\/li>\n\n\n\n<li>Modernizaciju postoje\u0107ih hidroelektrana<\/li>\n\n\n\n<li>Razvoj baterijskih skladi\u0161ta i reverzibilnih sistema<\/li>\n<\/ol>\n\n\n\n<p class=\"wp-block-paragraph\">Ono \u0161to je va\u017eno naglasiti jeste da obnovljivi izvori moraju biti pra\u0107eni skladi\u0161tenjem energije. Bez toga, sistem postaje nestabilan.<\/p>\n\n\n\n<p class=\"wp-block-paragraph\">Prema podacima o <a href=\"https:\/\/europa.rs\/vetar-koji-donosi-cist-vazduh-i-puni-budzet\/\" type=\"link\" id=\"https:\/\/europa.rs\/vetar-koji-donosi-cist-vazduh-i-puni-budzet\/\">razvoju vetroenergije u Srbiji<\/a>, kapaciteti vetroparkova poslednjih godina bele\u017ee rast i postaju va\u017ean deo doma\u0107e proizvodnje elektri\u010dne energije.<\/p>\n\n\n\n<h2 class=\"wp-block-heading\">Da li je pove\u0107anje za tre\u0107inu mogu\u0107e?<\/h2>\n\n\n\n<p class=\"wp-block-paragraph\">Tehni\u010dki \u2013 jeste.<br>Organizaciono i finansijski \u2013 zahteva odlu\u010dnost i brzu realizaciju projekata.<\/p>\n\n\n\n<p class=\"wp-block-paragraph\">Energetska tranzicija vi\u0161e nije samo ekolo\u0161ko pitanje. Ona postaje pitanje ekonomske konkurentnosti.<\/p>\n\n\n\n<p class=\"wp-block-paragraph\">Ako Srbija \u017eeli da privu\u010de investicije u IT sektor, proizvodnju baterija, automobilske komponente ili ve\u0161ta\u010dku inteligenciju, mora obezbediti stabilnu i dovoljnu koli\u010dinu elektri\u010dne energije.<\/p>\n\n\n\n<p class=\"wp-block-paragraph\">O \u0161irem pravcu razvoja doma\u0107e energetike ve\u0107 smo pisali u tekstu <strong><a href=\"http:\/\/haber.rs\/srb\/2025\/12\/04\/nova-energetska-strategija-srbije-kraj-uglja-i-snazan-rast-obnovljivih-izvora-energije\/\" type=\"link\" id=\"http:\/\/haber.rs\/srb\/2025\/12\/04\/nova-energetska-strategija-srbije-kraj-uglja-i-snazan-rast-obnovljivih-izvora-energije\/\">Nova energetska strategija Srbije: kraj uglja i sna\u017ean rast obnovljivih izvora energije<\/a><\/strong>, gde je detaljno analiziran plan tranzicije ka obnovljivim izvorima.<\/p>\n\n\n\n<h2 class=\"wp-block-heading\">Zaklju\u010dak<\/h2>\n\n\n\n<p class=\"wp-block-paragraph\">U narednih pet godina klju\u010dna tema ne\u0107e biti samo \u201eenergetska nezavisnost\u201c, ve\u0107 energetska ekspanzija.<\/p>\n\n\n\n<p class=\"wp-block-paragraph\">Bez pove\u0107anja proizvodnje za najmanje tre\u0107inu, Srbija rizikuje da razvoj uspori zbog energetskog ograni\u010denja.<\/p>\n\n\n\n<p class=\"wp-block-paragraph\">Dobra vest je da potencijal postoji \u2013 sunce, vetar, voda i tehnolo\u0161ka znanja su dostupni. Izazov je brzina realizacije.<\/p>\n","protected":false},"excerpt":{"rendered":"<p>Energetska nezavisnost Srbije postaje jedno od klju\u010dnih pitanja razvoja u narednih pet godina. \u010cesto se polazi od pretpostavke da je dovoljno odr\u017eati postoje\u0107e kapacitete. Me\u0111utim, pitanje narednih pet godina nije samo stabilnost, ve\u0107 i rast potra\u017enje. Srbija ulazi u period ubrzane elektrifikacije. Ono \u0161to se ranije grejalo na gas ili \u010dvrsta goriva sve \u010de\u0161\u0107e prelazi [&hellip;]<\/p>\n","protected":false},"author":1,"featured_media":461,"comment_status":"open","ping_status":"open","sticky":false,"template":"","format":"standard","meta":{"om_disable_all_campaigns":false,"tdm_status":"","tdm_grid_status":"","footnotes":""},"categories":[94,67],"tags":[],"class_list":["post-458","post","type-post","status-publish","format-standard","has-post-thumbnail","category-ekonomija","category-energetika"],"yoast_head":"<!-- This site is optimized with the Yoast SEO plugin v27.2 - https:\/\/yoast.com\/product\/yoast-seo-wordpress\/ -->\n<title>Energetska nezavisnost Srbije i rast potro\u0161nje<\/title>\n<meta name=\"description\" content=\"Energetska nezavisnost Srbije u narednih pet godina zavisi\u0107e od rasta proizvodnje elektri\u010dne energije i odgovora na pove\u0107anu potro\u0161nju.\" \/>\n<meta name=\"robots\" content=\"index, follow, max-snippet:-1, max-image-preview:large, max-video-preview:-1\" \/>\n<link rel=\"canonical\" href=\"http:\/\/haber.rs\/srb\/2026\/03\/03\/energetska-nezavisnost-srbije\/\" \/>\n<meta property=\"og:locale\" content=\"en_US\" \/>\n<meta property=\"og:type\" content=\"article\" \/>\n<meta property=\"og:title\" content=\"Energetska nezavisnost Srbije i rast potro\u0161nje\" \/>\n<meta property=\"og:description\" content=\"Energetska nezavisnost Srbije u narednih pet godina zavisi\u0107e od rasta proizvodnje elektri\u010dne energije i odgovora na pove\u0107anu potro\u0161nju.\" \/>\n<meta property=\"og:url\" content=\"http:\/\/haber.rs\/srb\/2026\/03\/03\/energetska-nezavisnost-srbije\/\" \/>\n<meta property=\"og:site_name\" content=\"Imamo_haber_za_vas\" \/>\n<meta property=\"article:published_time\" content=\"2026-03-03T11:28:48+00:00\" \/>\n<meta property=\"article:modified_time\" content=\"2026-03-03T11:31:38+00:00\" \/>\n<meta property=\"og:image\" content=\"http:\/\/haber.rs\/srb\/wp-content\/uploads\/2026\/03\/solar-wind-oil-naturalgas-nuclear-ver2.jpg\" \/>\n\t<meta property=\"og:image:width\" content=\"529\" \/>\n\t<meta property=\"og:image:height\" content=\"451\" \/>\n\t<meta property=\"og:image:type\" content=\"image\/jpeg\" \/>\n<meta name=\"author\" content=\"admin\" \/>\n<meta name=\"twitter:card\" content=\"summary_large_image\" \/>\n<meta name=\"twitter:label1\" content=\"Written by\" \/>\n\t<meta name=\"twitter:data1\" content=\"admin\" \/>\n\t<meta name=\"twitter:label2\" content=\"Est. reading time\" \/>\n\t<meta name=\"twitter:data2\" content=\"3 minutes\" \/>\n<script type=\"application\/ld+json\" class=\"yoast-schema-graph\">{\"@context\":\"https:\/\/schema.org\",\"@graph\":[{\"@type\":\"Article\",\"@id\":\"http:\/\/haber.rs\/srb\/2026\/03\/03\/energetska-nezavisnost-srbije\/#article\",\"isPartOf\":{\"@id\":\"http:\/\/haber.rs\/srb\/2026\/03\/03\/energetska-nezavisnost-srbije\/\"},\"author\":{\"name\":\"admin\",\"@id\":\"http:\/\/haber.rs\/srb\/#\/schema\/person\/cff7043c0d5bc90752bae464bc9bc049\"},\"headline\":\"Energetska nezavisnost Srbije \u2013 da li smo spremni za rast potro\u0161nje?\",\"datePublished\":\"2026-03-03T11:28:48+00:00\",\"dateModified\":\"2026-03-03T11:31:38+00:00\",\"mainEntityOfPage\":{\"@id\":\"http:\/\/haber.rs\/srb\/2026\/03\/03\/energetska-nezavisnost-srbije\/\"},\"wordCount\":499,\"commentCount\":0,\"image\":{\"@id\":\"http:\/\/haber.rs\/srb\/2026\/03\/03\/energetska-nezavisnost-srbije\/#primaryimage\"},\"thumbnailUrl\":\"http:\/\/haber.rs\/srb\/wp-content\/uploads\/2026\/03\/solar-wind-oil-naturalgas-nuclear-ver2.jpg\",\"articleSection\":[\"Ekonomija\",\"Energetika\"],\"inLanguage\":\"en-US\",\"potentialAction\":[{\"@type\":\"CommentAction\",\"name\":\"Comment\",\"target\":[\"http:\/\/haber.rs\/srb\/2026\/03\/03\/energetska-nezavisnost-srbije\/#respond\"]}]},{\"@type\":\"WebPage\",\"@id\":\"http:\/\/haber.rs\/srb\/2026\/03\/03\/energetska-nezavisnost-srbije\/\",\"url\":\"http:\/\/haber.rs\/srb\/2026\/03\/03\/energetska-nezavisnost-srbije\/\",\"name\":\"Energetska nezavisnost Srbije i rast potro\u0161nje\",\"isPartOf\":{\"@id\":\"http:\/\/haber.rs\/srb\/#website\"},\"primaryImageOfPage\":{\"@id\":\"http:\/\/haber.rs\/srb\/2026\/03\/03\/energetska-nezavisnost-srbije\/#primaryimage\"},\"image\":{\"@id\":\"http:\/\/haber.rs\/srb\/2026\/03\/03\/energetska-nezavisnost-srbije\/#primaryimage\"},\"thumbnailUrl\":\"http:\/\/haber.rs\/srb\/wp-content\/uploads\/2026\/03\/solar-wind-oil-naturalgas-nuclear-ver2.jpg\",\"datePublished\":\"2026-03-03T11:28:48+00:00\",\"dateModified\":\"2026-03-03T11:31:38+00:00\",\"author\":{\"@id\":\"http:\/\/haber.rs\/srb\/#\/schema\/person\/cff7043c0d5bc90752bae464bc9bc049\"},\"description\":\"Energetska nezavisnost Srbije u narednih pet godina zavisi\u0107e od rasta proizvodnje elektri\u010dne energije i odgovora na pove\u0107anu potro\u0161nju.\",\"breadcrumb\":{\"@id\":\"http:\/\/haber.rs\/srb\/2026\/03\/03\/energetska-nezavisnost-srbije\/#breadcrumb\"},\"inLanguage\":\"en-US\",\"potentialAction\":[{\"@type\":\"ReadAction\",\"target\":[\"http:\/\/haber.rs\/srb\/2026\/03\/03\/energetska-nezavisnost-srbije\/\"]}]},{\"@type\":\"ImageObject\",\"inLanguage\":\"en-US\",\"@id\":\"http:\/\/haber.rs\/srb\/2026\/03\/03\/energetska-nezavisnost-srbije\/#primaryimage\",\"url\":\"http:\/\/haber.rs\/srb\/wp-content\/uploads\/2026\/03\/solar-wind-oil-naturalgas-nuclear-ver2.jpg\",\"contentUrl\":\"http:\/\/haber.rs\/srb\/wp-content\/uploads\/2026\/03\/solar-wind-oil-naturalgas-nuclear-ver2.jpg\",\"width\":529,\"height\":451,\"caption\":\"energetska nezavisnost Srbije\"},{\"@type\":\"BreadcrumbList\",\"@id\":\"http:\/\/haber.rs\/srb\/2026\/03\/03\/energetska-nezavisnost-srbije\/#breadcrumb\",\"itemListElement\":[{\"@type\":\"ListItem\",\"position\":1,\"name\":\"Home\",\"item\":\"http:\/\/haber.rs\/srb\/\"},{\"@type\":\"ListItem\",\"position\":2,\"name\":\"Energetska nezavisnost Srbije \u2013 da li smo spremni za rast potro\u0161nje?\"}]},{\"@type\":\"WebSite\",\"@id\":\"http:\/\/haber.rs\/srb\/#website\",\"url\":\"http:\/\/haber.rs\/srb\/\",\"name\":\"Imamo_haber_za_vas\",\"description\":\"Haberi-koji-vas-interesuju\",\"potentialAction\":[{\"@type\":\"SearchAction\",\"target\":{\"@type\":\"EntryPoint\",\"urlTemplate\":\"http:\/\/haber.rs\/srb\/?s={search_term_string}\"},\"query-input\":{\"@type\":\"PropertyValueSpecification\",\"valueRequired\":true,\"valueName\":\"search_term_string\"}}],\"inLanguage\":\"en-US\"},{\"@type\":\"Person\",\"@id\":\"http:\/\/haber.rs\/srb\/#\/schema\/person\/cff7043c0d5bc90752bae464bc9bc049\",\"name\":\"admin\",\"image\":{\"@type\":\"ImageObject\",\"inLanguage\":\"en-US\",\"@id\":\"https:\/\/secure.gravatar.com\/avatar\/4ab59b026f1c43c6975c7a3cb627f12cd68dc58a6330ec029c5383485132749b?s=96&d=mm&r=g\",\"url\":\"https:\/\/secure.gravatar.com\/avatar\/4ab59b026f1c43c6975c7a3cb627f12cd68dc58a6330ec029c5383485132749b?s=96&d=mm&r=g\",\"contentUrl\":\"https:\/\/secure.gravatar.com\/avatar\/4ab59b026f1c43c6975c7a3cb627f12cd68dc58a6330ec029c5383485132749b?s=96&d=mm&r=g\",\"caption\":\"admin\"},\"sameAs\":[\"http:\/\/haber.rs\/srb\"],\"url\":\"http:\/\/haber.rs\/srb\/author\/admin\/\"}]}<\/script>\n<!-- \/ Yoast SEO plugin. -->","yoast_head_json":{"title":"Energetska nezavisnost Srbije i rast potro\u0161nje","description":"Energetska nezavisnost Srbije u narednih pet godina zavisi\u0107e od rasta proizvodnje elektri\u010dne energije i odgovora na pove\u0107anu potro\u0161nju.","robots":{"index":"index","follow":"follow","max-snippet":"max-snippet:-1","max-image-preview":"max-image-preview:large","max-video-preview":"max-video-preview:-1"},"canonical":"http:\/\/haber.rs\/srb\/2026\/03\/03\/energetska-nezavisnost-srbije\/","og_locale":"en_US","og_type":"article","og_title":"Energetska nezavisnost Srbije i rast potro\u0161nje","og_description":"Energetska nezavisnost Srbije u narednih pet godina zavisi\u0107e od rasta proizvodnje elektri\u010dne energije i odgovora na pove\u0107anu potro\u0161nju.","og_url":"http:\/\/haber.rs\/srb\/2026\/03\/03\/energetska-nezavisnost-srbije\/","og_site_name":"Imamo_haber_za_vas","article_published_time":"2026-03-03T11:28:48+00:00","article_modified_time":"2026-03-03T11:31:38+00:00","og_image":[{"width":529,"height":451,"url":"http:\/\/haber.rs\/srb\/wp-content\/uploads\/2026\/03\/solar-wind-oil-naturalgas-nuclear-ver2.jpg","type":"image\/jpeg"}],"author":"admin","twitter_card":"summary_large_image","twitter_misc":{"Written by":"admin","Est. reading time":"3 minutes"},"schema":{"@context":"https:\/\/schema.org","@graph":[{"@type":"Article","@id":"http:\/\/haber.rs\/srb\/2026\/03\/03\/energetska-nezavisnost-srbije\/#article","isPartOf":{"@id":"http:\/\/haber.rs\/srb\/2026\/03\/03\/energetska-nezavisnost-srbije\/"},"author":{"name":"admin","@id":"http:\/\/haber.rs\/srb\/#\/schema\/person\/cff7043c0d5bc90752bae464bc9bc049"},"headline":"Energetska nezavisnost Srbije \u2013 da li smo spremni za rast potro\u0161nje?","datePublished":"2026-03-03T11:28:48+00:00","dateModified":"2026-03-03T11:31:38+00:00","mainEntityOfPage":{"@id":"http:\/\/haber.rs\/srb\/2026\/03\/03\/energetska-nezavisnost-srbije\/"},"wordCount":499,"commentCount":0,"image":{"@id":"http:\/\/haber.rs\/srb\/2026\/03\/03\/energetska-nezavisnost-srbije\/#primaryimage"},"thumbnailUrl":"http:\/\/haber.rs\/srb\/wp-content\/uploads\/2026\/03\/solar-wind-oil-naturalgas-nuclear-ver2.jpg","articleSection":["Ekonomija","Energetika"],"inLanguage":"en-US","potentialAction":[{"@type":"CommentAction","name":"Comment","target":["http:\/\/haber.rs\/srb\/2026\/03\/03\/energetska-nezavisnost-srbije\/#respond"]}]},{"@type":"WebPage","@id":"http:\/\/haber.rs\/srb\/2026\/03\/03\/energetska-nezavisnost-srbije\/","url":"http:\/\/haber.rs\/srb\/2026\/03\/03\/energetska-nezavisnost-srbije\/","name":"Energetska nezavisnost Srbije i rast potro\u0161nje","isPartOf":{"@id":"http:\/\/haber.rs\/srb\/#website"},"primaryImageOfPage":{"@id":"http:\/\/haber.rs\/srb\/2026\/03\/03\/energetska-nezavisnost-srbije\/#primaryimage"},"image":{"@id":"http:\/\/haber.rs\/srb\/2026\/03\/03\/energetska-nezavisnost-srbije\/#primaryimage"},"thumbnailUrl":"http:\/\/haber.rs\/srb\/wp-content\/uploads\/2026\/03\/solar-wind-oil-naturalgas-nuclear-ver2.jpg","datePublished":"2026-03-03T11:28:48+00:00","dateModified":"2026-03-03T11:31:38+00:00","author":{"@id":"http:\/\/haber.rs\/srb\/#\/schema\/person\/cff7043c0d5bc90752bae464bc9bc049"},"description":"Energetska nezavisnost Srbije u narednih pet godina zavisi\u0107e od rasta proizvodnje elektri\u010dne energije i odgovora na pove\u0107anu potro\u0161nju.","breadcrumb":{"@id":"http:\/\/haber.rs\/srb\/2026\/03\/03\/energetska-nezavisnost-srbije\/#breadcrumb"},"inLanguage":"en-US","potentialAction":[{"@type":"ReadAction","target":["http:\/\/haber.rs\/srb\/2026\/03\/03\/energetska-nezavisnost-srbije\/"]}]},{"@type":"ImageObject","inLanguage":"en-US","@id":"http:\/\/haber.rs\/srb\/2026\/03\/03\/energetska-nezavisnost-srbije\/#primaryimage","url":"http:\/\/haber.rs\/srb\/wp-content\/uploads\/2026\/03\/solar-wind-oil-naturalgas-nuclear-ver2.jpg","contentUrl":"http:\/\/haber.rs\/srb\/wp-content\/uploads\/2026\/03\/solar-wind-oil-naturalgas-nuclear-ver2.jpg","width":529,"height":451,"caption":"energetska nezavisnost Srbije"},{"@type":"BreadcrumbList","@id":"http:\/\/haber.rs\/srb\/2026\/03\/03\/energetska-nezavisnost-srbije\/#breadcrumb","itemListElement":[{"@type":"ListItem","position":1,"name":"Home","item":"http:\/\/haber.rs\/srb\/"},{"@type":"ListItem","position":2,"name":"Energetska nezavisnost Srbije \u2013 da li smo spremni za rast potro\u0161nje?"}]},{"@type":"WebSite","@id":"http:\/\/haber.rs\/srb\/#website","url":"http:\/\/haber.rs\/srb\/","name":"Imamo_haber_za_vas","description":"Haberi-koji-vas-interesuju","potentialAction":[{"@type":"SearchAction","target":{"@type":"EntryPoint","urlTemplate":"http:\/\/haber.rs\/srb\/?s={search_term_string}"},"query-input":{"@type":"PropertyValueSpecification","valueRequired":true,"valueName":"search_term_string"}}],"inLanguage":"en-US"},{"@type":"Person","@id":"http:\/\/haber.rs\/srb\/#\/schema\/person\/cff7043c0d5bc90752bae464bc9bc049","name":"admin","image":{"@type":"ImageObject","inLanguage":"en-US","@id":"https:\/\/secure.gravatar.com\/avatar\/4ab59b026f1c43c6975c7a3cb627f12cd68dc58a6330ec029c5383485132749b?s=96&d=mm&r=g","url":"https:\/\/secure.gravatar.com\/avatar\/4ab59b026f1c43c6975c7a3cb627f12cd68dc58a6330ec029c5383485132749b?s=96&d=mm&r=g","contentUrl":"https:\/\/secure.gravatar.com\/avatar\/4ab59b026f1c43c6975c7a3cb627f12cd68dc58a6330ec029c5383485132749b?s=96&d=mm&r=g","caption":"admin"},"sameAs":["http:\/\/haber.rs\/srb"],"url":"http:\/\/haber.rs\/srb\/author\/admin\/"}]}},"jetpack_featured_media_url":"http:\/\/haber.rs\/srb\/wp-content\/uploads\/2026\/03\/solar-wind-oil-naturalgas-nuclear-ver2.jpg","_links":{"self":[{"href":"http:\/\/haber.rs\/srb\/wp-json\/wp\/v2\/posts\/458","targetHints":{"allow":["GET"]}}],"collection":[{"href":"http:\/\/haber.rs\/srb\/wp-json\/wp\/v2\/posts"}],"about":[{"href":"http:\/\/haber.rs\/srb\/wp-json\/wp\/v2\/types\/post"}],"author":[{"embeddable":true,"href":"http:\/\/haber.rs\/srb\/wp-json\/wp\/v2\/users\/1"}],"replies":[{"embeddable":true,"href":"http:\/\/haber.rs\/srb\/wp-json\/wp\/v2\/comments?post=458"}],"version-history":[{"count":1,"href":"http:\/\/haber.rs\/srb\/wp-json\/wp\/v2\/posts\/458\/revisions"}],"predecessor-version":[{"id":460,"href":"http:\/\/haber.rs\/srb\/wp-json\/wp\/v2\/posts\/458\/revisions\/460"}],"wp:featuredmedia":[{"embeddable":true,"href":"http:\/\/haber.rs\/srb\/wp-json\/wp\/v2\/media\/461"}],"wp:attachment":[{"href":"http:\/\/haber.rs\/srb\/wp-json\/wp\/v2\/media?parent=458"}],"wp:term":[{"taxonomy":"category","embeddable":true,"href":"http:\/\/haber.rs\/srb\/wp-json\/wp\/v2\/categories?post=458"},{"taxonomy":"post_tag","embeddable":true,"href":"http:\/\/haber.rs\/srb\/wp-json\/wp\/v2\/tags?post=458"}],"curies":[{"name":"wp","href":"https:\/\/api.w.org\/{rel}","templated":true}]}}