{"id":449,"date":"2025-12-04T12:17:08","date_gmt":"2025-12-04T12:17:08","guid":{"rendered":"http:\/\/haber.rs\/srb\/?p=449"},"modified":"2025-12-04T12:18:49","modified_gmt":"2025-12-04T12:18:49","slug":"nova-energetska-strategija-srbije-kraj-uglja-i-snazan-rast-obnovljivih-izvora-energije","status":"publish","type":"post","link":"http:\/\/haber.rs\/srb\/2025\/12\/04\/nova-energetska-strategija-srbije-kraj-uglja-i-snazan-rast-obnovljivih-izvora-energije\/","title":{"rendered":"Nova energetska strategija Srbije: kraj uglja i sna\u017ean rast obnovljivih izvora energije"},"content":{"rendered":"\n<p class=\"wp-block-paragraph\">Narodna skup\u0161tina Republike Srbije usvojila je novu <em>Strategiju razvoja energetike do 2040. godine sa projekcijama do 2050.<\/em> Cilj je da se obezbedi stabilno snabdevanje energijom uz smanjenje emisija \u0161tetnih gasova i negativnih uticaja na \u017eivotnu sredinu i zdravlje gra\u0111ana. Ovaj dokument predstavlja klju\u010dni korak u energetskoj tranziciji Srbije.<\/p>\n\n\n\n<h2 class=\"wp-block-heading\">Pove\u0107anje doma\u0107e proizvodnje energije iz obnovljivih izvora<\/h2>\n\n\n\n<p class=\"wp-block-paragraph\">Strategija predvi\u0111a:<\/p>\n\n\n\n<ul class=\"wp-block-list\">\n<li>sna\u017ean rast solarnih i vetroelektrana,<\/li>\n\n\n\n<li>rehabilitaciju postoje\u0107ih hidroelektrana,<\/li>\n\n\n\n<li>izgradnju pumpno-akumulacionih hidroelektrana <strong>Bistrica<\/strong> i <strong>\u0110erdap 3<\/strong>.<\/li>\n<\/ul>\n\n\n\n<p class=\"wp-block-paragraph\">Ove investicije omogu\u0107avaju ve\u0107e oslanjanje na doma\u0107e resurse i smanjenje uvozne zavisnosti.<\/p>\n\n\n\n<blockquote class=\"wp-block-quote is-layout-flow wp-block-quote-is-layout-flow\">\n<p class=\"wp-block-paragraph\">Planirana je <strong>postepena eliminacija uglja i naftnih derivata<\/strong> iz proizvodnje toplotne energije.<\/p>\n<\/blockquote>\n\n\n\n<h2 class=\"wp-block-heading\">Zelena tranzicija uz modernizaciju mre\u017ee<\/h2>\n\n\n\n<p class=\"wp-block-paragraph\">Da bi se podr\u017eala energetska stabilnost i integracija obnovljivih izvora, neophodna je modernizacija prenosa i distribucije energije. Plan obuhvata:<\/p>\n\n\n\n<ul class=\"wp-block-list\">\n<li>smanjenje gubitaka u mre\u017ei,<\/li>\n\n\n\n<li>digitalizaciju i automatizaciju sistema,<\/li>\n\n\n\n<li>razvoj infrastrukture za elektromobilnost.<\/li>\n<\/ul>\n\n\n\n<h2 class=\"wp-block-heading\">Podr\u0161ka gra\u0111anima \u2013 prosumeri i energetska efikasnost<\/h2>\n\n\n\n<p class=\"wp-block-paragraph\">Dokument nagla\u0161ava razvoj decentralizovane proizvodnje elektri\u010dne energije. Bi\u0107e pojednostavljene procedure za <strong>prosumere<\/strong> \u2013 doma\u0107instva koja proizvode energiju iz sopstvenih obnovljivih izvora.<\/p>\n\n\n\n<p class=\"wp-block-paragraph\">Dodatno, uvodi se ve\u0107i nivo finansijskih podsticaja za:<\/p>\n\n\n\n<ul class=\"wp-block-list\">\n<li>energetsku efikasnost u doma\u0107instvima,<\/li>\n\n\n\n<li>ugradnju solarnih panela,<\/li>\n\n\n\n<li>kori\u0161\u0107enje elektri\u010dnih vozila.<\/li>\n<\/ul>\n\n\n\n<h2 class=\"wp-block-heading\">Sigurnost snabdevanja gasom i vodonikom<\/h2>\n\n\n\n<p class=\"wp-block-paragraph\">Strategija opisuje i ulaganja u nove energetske kapacitete, pre svega:<\/p>\n\n\n\n<ul class=\"wp-block-list\">\n<li>pro\u0161irenje skladi\u0161ta gasa <strong>Banatski Dvor<\/strong>,<\/li>\n\n\n\n<li>izgradnju interkonekcija sa Rumunijom, Severnom Makedonijom i Ma\u0111arskom,<\/li>\n\n\n\n<li>razvoj <strong>zelenog vodonika<\/strong> i njegovu ulogu u budu\u0107em energetskom miksu.<\/li>\n<\/ul>\n\n\n\n<p class=\"wp-block-paragraph\">Srbija cilja da oja\u010da otpornost energetskog sistema i smanji geopoliti\u010dke rizike.<\/p>\n\n\n\n<h2 class=\"wp-block-heading\">Zaklju\u010dak<\/h2>\n\n\n\n<p class=\"wp-block-paragraph\">Usvojena energetska strategija Srbije do 2050. godine nosi velike promene u energetskom sektoru \u2014 vi\u0161e obnovljivih izvora energije, modernizacija infrastrukture, smanjenje zaga\u0111enja i \u0161ira uklju\u010denost gra\u0111ana. Ako se plan bude dosledno sprovodio, Srbija \u0107e postati <strong>energetski nezavisnija, odr\u017eivija i tehnolo\u0161ki naprednija zemlja<\/strong>.<\/p>\n","protected":false},"excerpt":{"rendered":"<p>Narodna skup\u0161tina Republike Srbije usvojila je novu Strategiju razvoja energetike do 2040. godine sa projekcijama do 2050. Cilj je da se obezbedi stabilno snabdevanje energijom uz smanjenje emisija \u0161tetnih gasova i negativnih uticaja na \u017eivotnu sredinu i zdravlje gra\u0111ana. Ovaj dokument predstavlja klju\u010dni korak u energetskoj tranziciji Srbije. Pove\u0107anje doma\u0107e proizvodnje energije iz obnovljivih izvora [&hellip;]<\/p>\n","protected":false},"author":1,"featured_media":452,"comment_status":"open","ping_status":"open","sticky":false,"template":"","format":"standard","meta":{"om_disable_all_campaigns":false,"tdm_status":"","tdm_grid_status":"","footnotes":""},"categories":[1],"tags":[88,87,82,83,86,89,84,85,91],"class_list":["post-449","post","type-post","status-publish","format-standard","has-post-thumbnail","category-uncategorized","tag-bistrica","tag-elektroenergetska-mreza","tag-energetska-strategija-srbije","tag-obnova-energetike","tag-obnovljivi-izvori-energije","tag-prosumeri","tag-vodonik","tag-zelena-tranzicija","tag-derdap-3"],"yoast_head":"<!-- This site is optimized with the Yoast SEO plugin v27.2 - https:\/\/yoast.com\/product\/yoast-seo-wordpress\/ -->\n<title>Nova energetska strategija Srbije: kraj uglja i sna\u017ean rast obnovljivih izvora energije - Imamo_haber_za_vas Nova energetska strategija Srbije do 2050: kraj uglja i sna\u017ean rast obnovljivih izvora energije<\/title>\n<meta name=\"description\" content=\"energetska-strategija-srbije-2040-2050\" \/>\n<meta name=\"robots\" content=\"index, follow, max-snippet:-1, max-image-preview:large, max-video-preview:-1\" \/>\n<link rel=\"canonical\" href=\"http:\/\/haber.rs\/srb\/2025\/12\/04\/nova-energetska-strategija-srbije-kraj-uglja-i-snazan-rast-obnovljivih-izvora-energije\/\" \/>\n<meta property=\"og:locale\" content=\"en_US\" \/>\n<meta property=\"og:type\" content=\"article\" \/>\n<meta property=\"og:title\" content=\"Nova energetska strategija Srbije: kraj uglja i sna\u017ean rast obnovljivih izvora energije - Imamo_haber_za_vas Nova energetska strategija Srbije do 2050: kraj uglja i sna\u017ean rast obnovljivih izvora energije\" \/>\n<meta property=\"og:description\" content=\"energetska-strategija-srbije-2040-2050\" \/>\n<meta property=\"og:url\" content=\"http:\/\/haber.rs\/srb\/2025\/12\/04\/nova-energetska-strategija-srbije-kraj-uglja-i-snazan-rast-obnovljivih-izvora-energije\/\" \/>\n<meta property=\"og:site_name\" content=\"Imamo_haber_za_vas\" \/>\n<meta property=\"article:published_time\" content=\"2025-12-04T12:17:08+00:00\" \/>\n<meta property=\"article:modified_time\" content=\"2025-12-04T12:18:49+00:00\" \/>\n<meta property=\"og:image\" content=\"http:\/\/haber.rs\/srb\/wp-content\/uploads\/2025\/12\/NovaEnerStartSrb20402050.jpg\" \/>\n\t<meta property=\"og:image:width\" content=\"696\" \/>\n\t<meta property=\"og:image:height\" content=\"434\" \/>\n\t<meta property=\"og:image:type\" content=\"image\/jpeg\" \/>\n<meta name=\"author\" content=\"admin\" \/>\n<meta name=\"twitter:card\" content=\"summary_large_image\" \/>\n<meta name=\"twitter:label1\" content=\"Written by\" \/>\n\t<meta name=\"twitter:data1\" content=\"admin\" \/>\n\t<meta name=\"twitter:label2\" content=\"Est. reading time\" \/>\n\t<meta name=\"twitter:data2\" content=\"2 minutes\" \/>\n<script type=\"application\/ld+json\" class=\"yoast-schema-graph\">{\"@context\":\"https:\/\/schema.org\",\"@graph\":[{\"@type\":\"Article\",\"@id\":\"http:\/\/haber.rs\/srb\/2025\/12\/04\/nova-energetska-strategija-srbije-kraj-uglja-i-snazan-rast-obnovljivih-izvora-energije\/#article\",\"isPartOf\":{\"@id\":\"http:\/\/haber.rs\/srb\/2025\/12\/04\/nova-energetska-strategija-srbije-kraj-uglja-i-snazan-rast-obnovljivih-izvora-energije\/\"},\"author\":{\"name\":\"admin\",\"@id\":\"http:\/\/haber.rs\/srb\/#\/schema\/person\/cff7043c0d5bc90752bae464bc9bc049\"},\"headline\":\"Nova energetska strategija Srbije: kraj uglja i sna\u017ean rast obnovljivih izvora energije\",\"datePublished\":\"2025-12-04T12:17:08+00:00\",\"dateModified\":\"2025-12-04T12:18:49+00:00\",\"mainEntityOfPage\":{\"@id\":\"http:\/\/haber.rs\/srb\/2025\/12\/04\/nova-energetska-strategija-srbije-kraj-uglja-i-snazan-rast-obnovljivih-izvora-energije\/\"},\"wordCount\":313,\"commentCount\":0,\"image\":{\"@id\":\"http:\/\/haber.rs\/srb\/2025\/12\/04\/nova-energetska-strategija-srbije-kraj-uglja-i-snazan-rast-obnovljivih-izvora-energije\/#primaryimage\"},\"thumbnailUrl\":\"http:\/\/haber.rs\/srb\/wp-content\/uploads\/2025\/12\/NovaEnerStartSrb20402050.jpg\",\"keywords\":[\"Bistrica\",\"elektroenergetska mre\u017ea\",\"energetska strategija Srbije\",\"obnova energetike\",\"obnovljivi izvori energije\",\"prosumeri\",\"vodonik\",\"zelena tranzicija\",\"\u0110erdap 3\"],\"articleSection\":[\"\u041d\u0435\u043a\u0430\u0442\u0435\u0433\u043e\u0440\u0438\u0437\u043e\u0432\u0430\u043d\u043e\"],\"inLanguage\":\"en-US\",\"potentialAction\":[{\"@type\":\"CommentAction\",\"name\":\"Comment\",\"target\":[\"http:\/\/haber.rs\/srb\/2025\/12\/04\/nova-energetska-strategija-srbije-kraj-uglja-i-snazan-rast-obnovljivih-izvora-energije\/#respond\"]}]},{\"@type\":\"WebPage\",\"@id\":\"http:\/\/haber.rs\/srb\/2025\/12\/04\/nova-energetska-strategija-srbije-kraj-uglja-i-snazan-rast-obnovljivih-izvora-energije\/\",\"url\":\"http:\/\/haber.rs\/srb\/2025\/12\/04\/nova-energetska-strategija-srbije-kraj-uglja-i-snazan-rast-obnovljivih-izvora-energije\/\",\"name\":\"Nova energetska strategija Srbije: kraj uglja i sna\u017ean rast obnovljivih izvora energije - Imamo_haber_za_vas Nova energetska strategija Srbije do 2050: kraj uglja i sna\u017ean rast obnovljivih izvora energije\",\"isPartOf\":{\"@id\":\"http:\/\/haber.rs\/srb\/#website\"},\"primaryImageOfPage\":{\"@id\":\"http:\/\/haber.rs\/srb\/2025\/12\/04\/nova-energetska-strategija-srbije-kraj-uglja-i-snazan-rast-obnovljivih-izvora-energije\/#primaryimage\"},\"image\":{\"@id\":\"http:\/\/haber.rs\/srb\/2025\/12\/04\/nova-energetska-strategija-srbije-kraj-uglja-i-snazan-rast-obnovljivih-izvora-energije\/#primaryimage\"},\"thumbnailUrl\":\"http:\/\/haber.rs\/srb\/wp-content\/uploads\/2025\/12\/NovaEnerStartSrb20402050.jpg\",\"datePublished\":\"2025-12-04T12:17:08+00:00\",\"dateModified\":\"2025-12-04T12:18:49+00:00\",\"author\":{\"@id\":\"http:\/\/haber.rs\/srb\/#\/schema\/person\/cff7043c0d5bc90752bae464bc9bc049\"},\"description\":\"energetska-strategija-srbije-2040-2050\",\"breadcrumb\":{\"@id\":\"http:\/\/haber.rs\/srb\/2025\/12\/04\/nova-energetska-strategija-srbije-kraj-uglja-i-snazan-rast-obnovljivih-izvora-energije\/#breadcrumb\"},\"inLanguage\":\"en-US\",\"potentialAction\":[{\"@type\":\"ReadAction\",\"target\":[\"http:\/\/haber.rs\/srb\/2025\/12\/04\/nova-energetska-strategija-srbije-kraj-uglja-i-snazan-rast-obnovljivih-izvora-energije\/\"]}]},{\"@type\":\"ImageObject\",\"inLanguage\":\"en-US\",\"@id\":\"http:\/\/haber.rs\/srb\/2025\/12\/04\/nova-energetska-strategija-srbije-kraj-uglja-i-snazan-rast-obnovljivih-izvora-energije\/#primaryimage\",\"url\":\"http:\/\/haber.rs\/srb\/wp-content\/uploads\/2025\/12\/NovaEnerStartSrb20402050.jpg\",\"contentUrl\":\"http:\/\/haber.rs\/srb\/wp-content\/uploads\/2025\/12\/NovaEnerStartSrb20402050.jpg\",\"width\":696,\"height\":434},{\"@type\":\"BreadcrumbList\",\"@id\":\"http:\/\/haber.rs\/srb\/2025\/12\/04\/nova-energetska-strategija-srbije-kraj-uglja-i-snazan-rast-obnovljivih-izvora-energije\/#breadcrumb\",\"itemListElement\":[{\"@type\":\"ListItem\",\"position\":1,\"name\":\"Home\",\"item\":\"http:\/\/haber.rs\/srb\/\"},{\"@type\":\"ListItem\",\"position\":2,\"name\":\"Nova energetska strategija Srbije: kraj uglja i sna\u017ean rast obnovljivih izvora energije\"}]},{\"@type\":\"WebSite\",\"@id\":\"http:\/\/haber.rs\/srb\/#website\",\"url\":\"http:\/\/haber.rs\/srb\/\",\"name\":\"Imamo_haber_za_vas\",\"description\":\"Haberi-koji-vas-interesuju\",\"potentialAction\":[{\"@type\":\"SearchAction\",\"target\":{\"@type\":\"EntryPoint\",\"urlTemplate\":\"http:\/\/haber.rs\/srb\/?s={search_term_string}\"},\"query-input\":{\"@type\":\"PropertyValueSpecification\",\"valueRequired\":true,\"valueName\":\"search_term_string\"}}],\"inLanguage\":\"en-US\"},{\"@type\":\"Person\",\"@id\":\"http:\/\/haber.rs\/srb\/#\/schema\/person\/cff7043c0d5bc90752bae464bc9bc049\",\"name\":\"admin\",\"image\":{\"@type\":\"ImageObject\",\"inLanguage\":\"en-US\",\"@id\":\"https:\/\/secure.gravatar.com\/avatar\/4ab59b026f1c43c6975c7a3cb627f12cd68dc58a6330ec029c5383485132749b?s=96&d=mm&r=g\",\"url\":\"https:\/\/secure.gravatar.com\/avatar\/4ab59b026f1c43c6975c7a3cb627f12cd68dc58a6330ec029c5383485132749b?s=96&d=mm&r=g\",\"contentUrl\":\"https:\/\/secure.gravatar.com\/avatar\/4ab59b026f1c43c6975c7a3cb627f12cd68dc58a6330ec029c5383485132749b?s=96&d=mm&r=g\",\"caption\":\"admin\"},\"sameAs\":[\"http:\/\/haber.rs\/srb\"],\"url\":\"http:\/\/haber.rs\/srb\/author\/admin\/\"}]}<\/script>\n<!-- \/ Yoast SEO plugin. -->","yoast_head_json":{"title":"Nova energetska strategija Srbije: kraj uglja i sna\u017ean rast obnovljivih izvora energije - Imamo_haber_za_vas Nova energetska strategija Srbije do 2050: kraj uglja i sna\u017ean rast obnovljivih izvora energije","description":"energetska-strategija-srbije-2040-2050","robots":{"index":"index","follow":"follow","max-snippet":"max-snippet:-1","max-image-preview":"max-image-preview:large","max-video-preview":"max-video-preview:-1"},"canonical":"http:\/\/haber.rs\/srb\/2025\/12\/04\/nova-energetska-strategija-srbije-kraj-uglja-i-snazan-rast-obnovljivih-izvora-energije\/","og_locale":"en_US","og_type":"article","og_title":"Nova energetska strategija Srbije: kraj uglja i sna\u017ean rast obnovljivih izvora energije - Imamo_haber_za_vas Nova energetska strategija Srbije do 2050: kraj uglja i sna\u017ean rast obnovljivih izvora energije","og_description":"energetska-strategija-srbije-2040-2050","og_url":"http:\/\/haber.rs\/srb\/2025\/12\/04\/nova-energetska-strategija-srbije-kraj-uglja-i-snazan-rast-obnovljivih-izvora-energije\/","og_site_name":"Imamo_haber_za_vas","article_published_time":"2025-12-04T12:17:08+00:00","article_modified_time":"2025-12-04T12:18:49+00:00","og_image":[{"width":696,"height":434,"url":"http:\/\/haber.rs\/srb\/wp-content\/uploads\/2025\/12\/NovaEnerStartSrb20402050.jpg","type":"image\/jpeg"}],"author":"admin","twitter_card":"summary_large_image","twitter_misc":{"Written by":"admin","Est. reading time":"2 minutes"},"schema":{"@context":"https:\/\/schema.org","@graph":[{"@type":"Article","@id":"http:\/\/haber.rs\/srb\/2025\/12\/04\/nova-energetska-strategija-srbije-kraj-uglja-i-snazan-rast-obnovljivih-izvora-energije\/#article","isPartOf":{"@id":"http:\/\/haber.rs\/srb\/2025\/12\/04\/nova-energetska-strategija-srbije-kraj-uglja-i-snazan-rast-obnovljivih-izvora-energije\/"},"author":{"name":"admin","@id":"http:\/\/haber.rs\/srb\/#\/schema\/person\/cff7043c0d5bc90752bae464bc9bc049"},"headline":"Nova energetska strategija Srbije: kraj uglja i sna\u017ean rast obnovljivih izvora energije","datePublished":"2025-12-04T12:17:08+00:00","dateModified":"2025-12-04T12:18:49+00:00","mainEntityOfPage":{"@id":"http:\/\/haber.rs\/srb\/2025\/12\/04\/nova-energetska-strategija-srbije-kraj-uglja-i-snazan-rast-obnovljivih-izvora-energije\/"},"wordCount":313,"commentCount":0,"image":{"@id":"http:\/\/haber.rs\/srb\/2025\/12\/04\/nova-energetska-strategija-srbije-kraj-uglja-i-snazan-rast-obnovljivih-izvora-energije\/#primaryimage"},"thumbnailUrl":"http:\/\/haber.rs\/srb\/wp-content\/uploads\/2025\/12\/NovaEnerStartSrb20402050.jpg","keywords":["Bistrica","elektroenergetska mre\u017ea","energetska strategija Srbije","obnova energetike","obnovljivi izvori energije","prosumeri","vodonik","zelena tranzicija","\u0110erdap 3"],"articleSection":["\u041d\u0435\u043a\u0430\u0442\u0435\u0433\u043e\u0440\u0438\u0437\u043e\u0432\u0430\u043d\u043e"],"inLanguage":"en-US","potentialAction":[{"@type":"CommentAction","name":"Comment","target":["http:\/\/haber.rs\/srb\/2025\/12\/04\/nova-energetska-strategija-srbije-kraj-uglja-i-snazan-rast-obnovljivih-izvora-energije\/#respond"]}]},{"@type":"WebPage","@id":"http:\/\/haber.rs\/srb\/2025\/12\/04\/nova-energetska-strategija-srbije-kraj-uglja-i-snazan-rast-obnovljivih-izvora-energije\/","url":"http:\/\/haber.rs\/srb\/2025\/12\/04\/nova-energetska-strategija-srbije-kraj-uglja-i-snazan-rast-obnovljivih-izvora-energije\/","name":"Nova energetska strategija Srbije: kraj uglja i sna\u017ean rast obnovljivih izvora energije - Imamo_haber_za_vas Nova energetska strategija Srbije do 2050: kraj uglja i sna\u017ean rast obnovljivih izvora energije","isPartOf":{"@id":"http:\/\/haber.rs\/srb\/#website"},"primaryImageOfPage":{"@id":"http:\/\/haber.rs\/srb\/2025\/12\/04\/nova-energetska-strategija-srbije-kraj-uglja-i-snazan-rast-obnovljivih-izvora-energije\/#primaryimage"},"image":{"@id":"http:\/\/haber.rs\/srb\/2025\/12\/04\/nova-energetska-strategija-srbije-kraj-uglja-i-snazan-rast-obnovljivih-izvora-energije\/#primaryimage"},"thumbnailUrl":"http:\/\/haber.rs\/srb\/wp-content\/uploads\/2025\/12\/NovaEnerStartSrb20402050.jpg","datePublished":"2025-12-04T12:17:08+00:00","dateModified":"2025-12-04T12:18:49+00:00","author":{"@id":"http:\/\/haber.rs\/srb\/#\/schema\/person\/cff7043c0d5bc90752bae464bc9bc049"},"description":"energetska-strategija-srbije-2040-2050","breadcrumb":{"@id":"http:\/\/haber.rs\/srb\/2025\/12\/04\/nova-energetska-strategija-srbije-kraj-uglja-i-snazan-rast-obnovljivih-izvora-energije\/#breadcrumb"},"inLanguage":"en-US","potentialAction":[{"@type":"ReadAction","target":["http:\/\/haber.rs\/srb\/2025\/12\/04\/nova-energetska-strategija-srbije-kraj-uglja-i-snazan-rast-obnovljivih-izvora-energije\/"]}]},{"@type":"ImageObject","inLanguage":"en-US","@id":"http:\/\/haber.rs\/srb\/2025\/12\/04\/nova-energetska-strategija-srbije-kraj-uglja-i-snazan-rast-obnovljivih-izvora-energije\/#primaryimage","url":"http:\/\/haber.rs\/srb\/wp-content\/uploads\/2025\/12\/NovaEnerStartSrb20402050.jpg","contentUrl":"http:\/\/haber.rs\/srb\/wp-content\/uploads\/2025\/12\/NovaEnerStartSrb20402050.jpg","width":696,"height":434},{"@type":"BreadcrumbList","@id":"http:\/\/haber.rs\/srb\/2025\/12\/04\/nova-energetska-strategija-srbije-kraj-uglja-i-snazan-rast-obnovljivih-izvora-energije\/#breadcrumb","itemListElement":[{"@type":"ListItem","position":1,"name":"Home","item":"http:\/\/haber.rs\/srb\/"},{"@type":"ListItem","position":2,"name":"Nova energetska strategija Srbije: kraj uglja i sna\u017ean rast obnovljivih izvora energije"}]},{"@type":"WebSite","@id":"http:\/\/haber.rs\/srb\/#website","url":"http:\/\/haber.rs\/srb\/","name":"Imamo_haber_za_vas","description":"Haberi-koji-vas-interesuju","potentialAction":[{"@type":"SearchAction","target":{"@type":"EntryPoint","urlTemplate":"http:\/\/haber.rs\/srb\/?s={search_term_string}"},"query-input":{"@type":"PropertyValueSpecification","valueRequired":true,"valueName":"search_term_string"}}],"inLanguage":"en-US"},{"@type":"Person","@id":"http:\/\/haber.rs\/srb\/#\/schema\/person\/cff7043c0d5bc90752bae464bc9bc049","name":"admin","image":{"@type":"ImageObject","inLanguage":"en-US","@id":"https:\/\/secure.gravatar.com\/avatar\/4ab59b026f1c43c6975c7a3cb627f12cd68dc58a6330ec029c5383485132749b?s=96&d=mm&r=g","url":"https:\/\/secure.gravatar.com\/avatar\/4ab59b026f1c43c6975c7a3cb627f12cd68dc58a6330ec029c5383485132749b?s=96&d=mm&r=g","contentUrl":"https:\/\/secure.gravatar.com\/avatar\/4ab59b026f1c43c6975c7a3cb627f12cd68dc58a6330ec029c5383485132749b?s=96&d=mm&r=g","caption":"admin"},"sameAs":["http:\/\/haber.rs\/srb"],"url":"http:\/\/haber.rs\/srb\/author\/admin\/"}]}},"jetpack_featured_media_url":"http:\/\/haber.rs\/srb\/wp-content\/uploads\/2025\/12\/NovaEnerStartSrb20402050.jpg","_links":{"self":[{"href":"http:\/\/haber.rs\/srb\/wp-json\/wp\/v2\/posts\/449","targetHints":{"allow":["GET"]}}],"collection":[{"href":"http:\/\/haber.rs\/srb\/wp-json\/wp\/v2\/posts"}],"about":[{"href":"http:\/\/haber.rs\/srb\/wp-json\/wp\/v2\/types\/post"}],"author":[{"embeddable":true,"href":"http:\/\/haber.rs\/srb\/wp-json\/wp\/v2\/users\/1"}],"replies":[{"embeddable":true,"href":"http:\/\/haber.rs\/srb\/wp-json\/wp\/v2\/comments?post=449"}],"version-history":[{"count":1,"href":"http:\/\/haber.rs\/srb\/wp-json\/wp\/v2\/posts\/449\/revisions"}],"predecessor-version":[{"id":453,"href":"http:\/\/haber.rs\/srb\/wp-json\/wp\/v2\/posts\/449\/revisions\/453"}],"wp:featuredmedia":[{"embeddable":true,"href":"http:\/\/haber.rs\/srb\/wp-json\/wp\/v2\/media\/452"}],"wp:attachment":[{"href":"http:\/\/haber.rs\/srb\/wp-json\/wp\/v2\/media?parent=449"}],"wp:term":[{"taxonomy":"category","embeddable":true,"href":"http:\/\/haber.rs\/srb\/wp-json\/wp\/v2\/categories?post=449"},{"taxonomy":"post_tag","embeddable":true,"href":"http:\/\/haber.rs\/srb\/wp-json\/wp\/v2\/tags?post=449"}],"curies":[{"name":"wp","href":"https:\/\/api.w.org\/{rel}","templated":true}]}}