{"id":446,"date":"2025-07-11T00:55:00","date_gmt":"2025-07-11T00:55:00","guid":{"rendered":"http:\/\/haber.rs\/srb\/?p=446"},"modified":"2025-12-03T11:03:08","modified_gmt":"2025-12-03T11:03:08","slug":"dedovic-handanovic-zavrsena-preliminarna-studija-o-nuklearnoj-energiji-u-srbiji","status":"publish","type":"post","link":"http:\/\/haber.rs\/srb\/2025\/07\/11\/dedovic-handanovic-zavrsena-preliminarna-studija-o-nuklearnoj-energiji-u-srbiji\/","title":{"rendered":"\u0110edovi\u0107 Handanovi\u0107: Zavr\u0161ena Preliminarna Studija o Nuklearnoj Energiji u Srbiji"},"content":{"rendered":"\n<h2 class=\"wp-block-heading\">\u0110edovi\u0107 Handanovi\u0107: Zavr\u0161ena Preliminarna Studija o Nuklearnoj Energiji u Srbiji<\/h2>\n\n\n\n<p class=\"wp-block-paragraph\"><strong>11. jul 2025.<\/strong> \u2014 Ministarka rudarstva i energetike, <strong>Dubravka \u0110edovi\u0107 Handanovi\u0107<\/strong>, sastala se sa delegacijom <strong>Elektroprivrede Francuske (EDF)<\/strong>, predvo\u0111enom potpredsednikom Vaskisom Ramanijem. Povod sastanka bilo je predstavljanje zaklju\u010daka <strong>Preliminarne tehni\u010dke studije o mirnodopskoj primeni nuklearne energije<\/strong> u Srbiji, \u010diju je izradu predvodio EDF.<\/p>\n\n\n\n<blockquote class=\"wp-block-quote is-layout-flow wp-block-quote-is-layout-flow\">\n<p class=\"wp-block-paragraph\">\u201ePreliminarna studija daje jasne smernice za prve korake i infrastrukturne prioritete kako bi se stvorila \u010dvrsta osnova za razvoj nuklearnog programa. Ura\u0111ena je analiza mogu\u0107nosti integracije u elektroenergetski sistem, dostupnih tehnologija, kao i obuke kadrova\u201c, izjavila je \u0110edovi\u0107 Handanovi\u0107.<\/p>\n<\/blockquote>\n\n\n\n<hr class=\"wp-block-separator has-alpha-channel-opacity\"\/>\n\n\n\n<h3 class=\"wp-block-heading\">&#x1f9ea; Klju\u010dne informacije iz studije:<\/h3>\n\n\n\n<ul class=\"wp-block-list\">\n<li><strong>Vremenski okvir:<\/strong> Prve dve faze razvoja programa predvi\u0111ene su da traju <strong>5\u20137 godina<\/strong>.<\/li>\n\n\n\n<li><strong>Sadr\u017eaj prve faze:<\/strong> Ispitivanje opravdanosti nuklearne energije, pravni i regulatorni okvir, osnivanje implementacionog tela.<\/li>\n\n\n\n<li><strong>Tehnologije:<\/strong> Analiza <strong>konvencionalnih i malih modularnih reaktora (SMR)<\/strong>.<\/li>\n\n\n\n<li><strong>Kadrovska strategija:<\/strong> Fokus na <strong>edukaciju i privla\u010denje stru\u010dnjaka<\/strong> iz zemlje i inostranstva.<\/li>\n\n\n\n<li><strong>Finansije:<\/strong> Procenjeni tro\u0161ak prvih faza \u2014 <strong>30 miliona evra<\/strong>.<\/li>\n<\/ul>\n\n\n\n<hr class=\"wp-block-separator has-alpha-channel-opacity\"\/>\n\n\n\n<h3 class=\"wp-block-heading\">&#x1f6e0;&#xfe0f; Institucionalna podr\u0161ka i slede\u0107i koraci:<\/h3>\n\n\n\n<ul class=\"wp-block-list\">\n<li>Formira se <strong>Me\u0111uresorna ekspertska radna grupa<\/strong> u okviru Ministarstva rudarstva i energetike, uz u\u010de\u0161\u0107e predstavnika ministarstava, akademskih institucija i javnih preduze\u0107a.<\/li>\n\n\n\n<li>Memorandum o saradnji potpisan je sa <strong>pet ministarstava i 20 nau\u010dnih institucija<\/strong>, sa ciljem okupljanja stru\u010dnjaka i podr\u0161ke programu.<\/li>\n\n\n\n<li>Studija pokazuje da <strong>uklju\u010divanje nuklearnih reaktora ne bi ugrozilo prenosnu mre\u017eu Srbije<\/strong>, a u jednom od scenarija posle 2045. Srbija bi mogla postati <strong>neto izvoznik elektri\u010dne energije<\/strong>.<\/li>\n<\/ul>\n\n\n\n<hr class=\"wp-block-separator has-alpha-channel-opacity\"\/>\n\n\n\n<blockquote class=\"wp-block-quote is-layout-flow wp-block-quote-is-layout-flow\">\n<p class=\"wp-block-paragraph\">\u201cNuklearna energija je prilika za zna\u010dajnu <strong>dekarbonizaciju i energetsku stabilnost<\/strong>, a na\u0161 cilj je da obezbedimo sve uslove za bezbedan i efikasan razvoj tog sektora\u201c, naglasila je ministarka.<\/p>\n<\/blockquote>\n\n\n\n<hr class=\"wp-block-separator has-alpha-channel-opacity\"\/>\n\n\n\n<p class=\"wp-block-paragraph\">&#x1f517; <strong>Izvor:<\/strong> Ministarstvo rudarstva i energetike Republike Srbije<br>&#x1f4c4; <strong>Studiju izradio:<\/strong> EDF \u2014 \u00c9lectricit\u00e9 de France<\/p>\n","protected":false},"excerpt":{"rendered":"<p>\u0110edovi\u0107 Handanovi\u0107: Zavr\u0161ena Preliminarna Studija o Nuklearnoj Energiji u Srbiji 11. jul 2025. \u2014 Ministarka rudarstva i energetike, Dubravka \u0110edovi\u0107 Handanovi\u0107, sastala se sa delegacijom Elektroprivrede Francuske (EDF), predvo\u0111enom potpredsednikom Vaskisom Ramanijem. Povod sastanka bilo je predstavljanje zaklju\u010daka Preliminarne tehni\u010dke studije o mirnodopskoj primeni nuklearne energije u Srbiji, \u010diju je izradu predvodio EDF. \u201ePreliminarna studija [&hellip;]<\/p>\n","protected":false},"author":1,"featured_media":447,"comment_status":"open","ping_status":"open","sticky":false,"template":"","format":"standard","meta":{"om_disable_all_campaigns":false,"tdm_status":"","tdm_grid_status":"","footnotes":""},"categories":[68,67,79,77,73,78,70,69,74,76],"tags":[],"class_list":["post-446","post","type-post","status-publish","format-standard","has-post-thumbnail","category-elektricna-struja","category-energetika","category-francuska","category-infrastruktura","category-medunarodna-saradnja","category-ministarstvo-rudarstva-i-energetike","category-nuklearna-elektrana","category-nuklearna-energija","category-srbija-2","category-tehnologija-i-inovacije"],"yoast_head":"<!-- This site is optimized with the Yoast SEO plugin v27.2 - https:\/\/yoast.com\/product\/yoast-seo-wordpress\/ -->\n<title>\u0110edovi\u0107 Handanovi\u0107: Zavr\u0161ena Preliminarna Studija o Nuklearnoj Energiji u Srbiji - Imamo_haber_za_vas<\/title>\n<meta name=\"robots\" content=\"index, follow, max-snippet:-1, max-image-preview:large, max-video-preview:-1\" \/>\n<link rel=\"canonical\" href=\"http:\/\/haber.rs\/srb\/2025\/07\/11\/dedovic-handanovic-zavrsena-preliminarna-studija-o-nuklearnoj-energiji-u-srbiji\/\" \/>\n<meta property=\"og:locale\" content=\"en_US\" \/>\n<meta property=\"og:type\" content=\"article\" \/>\n<meta property=\"og:title\" content=\"\u0110edovi\u0107 Handanovi\u0107: Zavr\u0161ena Preliminarna Studija o Nuklearnoj Energiji u Srbiji - Imamo_haber_za_vas\" \/>\n<meta property=\"og:description\" content=\"\u0110edovi\u0107 Handanovi\u0107: Zavr\u0161ena Preliminarna Studija o Nuklearnoj Energiji u Srbiji 11. jul 2025. \u2014 Ministarka rudarstva i energetike, Dubravka \u0110edovi\u0107 Handanovi\u0107, sastala se sa delegacijom Elektroprivrede Francuske (EDF), predvo\u0111enom potpredsednikom Vaskisom Ramanijem. Povod sastanka bilo je predstavljanje zaklju\u010daka Preliminarne tehni\u010dke studije o mirnodopskoj primeni nuklearne energije u Srbiji, \u010diju je izradu predvodio EDF. \u201ePreliminarna studija [&hellip;]\" \/>\n<meta property=\"og:url\" content=\"http:\/\/haber.rs\/srb\/2025\/07\/11\/dedovic-handanovic-zavrsena-preliminarna-studija-o-nuklearnoj-energiji-u-srbiji\/\" \/>\n<meta property=\"og:site_name\" content=\"Imamo_haber_za_vas\" \/>\n<meta property=\"article:published_time\" content=\"2025-07-11T00:55:00+00:00\" \/>\n<meta property=\"article:modified_time\" content=\"2025-12-03T11:03:08+00:00\" \/>\n<meta property=\"og:image\" content=\"http:\/\/haber.rs\/srb\/wp-content\/uploads\/2025\/12\/mini-edf-nuclear-plant.jpg\" \/>\n\t<meta property=\"og:image:width\" content=\"696\" \/>\n\t<meta property=\"og:image:height\" content=\"434\" \/>\n\t<meta property=\"og:image:type\" content=\"image\/jpeg\" \/>\n<meta name=\"author\" content=\"admin\" \/>\n<meta name=\"twitter:card\" content=\"summary_large_image\" \/>\n<meta name=\"twitter:label1\" content=\"Written by\" \/>\n\t<meta name=\"twitter:data1\" content=\"admin\" \/>\n\t<meta name=\"twitter:label2\" content=\"Est. reading time\" \/>\n\t<meta name=\"twitter:data2\" content=\"1 minute\" \/>\n<script type=\"application\/ld+json\" class=\"yoast-schema-graph\">{\"@context\":\"https:\/\/schema.org\",\"@graph\":[{\"@type\":\"Article\",\"@id\":\"http:\/\/haber.rs\/srb\/2025\/07\/11\/dedovic-handanovic-zavrsena-preliminarna-studija-o-nuklearnoj-energiji-u-srbiji\/#article\",\"isPartOf\":{\"@id\":\"http:\/\/haber.rs\/srb\/2025\/07\/11\/dedovic-handanovic-zavrsena-preliminarna-studija-o-nuklearnoj-energiji-u-srbiji\/\"},\"author\":{\"name\":\"admin\",\"@id\":\"http:\/\/haber.rs\/srb\/#\/schema\/person\/cff7043c0d5bc90752bae464bc9bc049\"},\"headline\":\"\u0110edovi\u0107 Handanovi\u0107: Zavr\u0161ena Preliminarna Studija o Nuklearnoj Energiji u Srbiji\",\"datePublished\":\"2025-07-11T00:55:00+00:00\",\"dateModified\":\"2025-12-03T11:03:08+00:00\",\"mainEntityOfPage\":{\"@id\":\"http:\/\/haber.rs\/srb\/2025\/07\/11\/dedovic-handanovic-zavrsena-preliminarna-studija-o-nuklearnoj-energiji-u-srbiji\/\"},\"wordCount\":306,\"commentCount\":0,\"image\":{\"@id\":\"http:\/\/haber.rs\/srb\/2025\/07\/11\/dedovic-handanovic-zavrsena-preliminarna-studija-o-nuklearnoj-energiji-u-srbiji\/#primaryimage\"},\"thumbnailUrl\":\"http:\/\/haber.rs\/srb\/wp-content\/uploads\/2025\/12\/mini-edf-nuclear-plant.jpg\",\"articleSection\":[\"Elektri\u010dna struja\",\"Energetika\",\"Francuska\",\"Infrastruktura\",\"Me\u0111unarodna saradnja\",\"Ministarstvo rudarstva i energetike\",\"Nuklearna elektrana\",\"Nuklearna energija\",\"Srbija\",\"Tehnologija i inovacije\"],\"inLanguage\":\"en-US\",\"potentialAction\":[{\"@type\":\"CommentAction\",\"name\":\"Comment\",\"target\":[\"http:\/\/haber.rs\/srb\/2025\/07\/11\/dedovic-handanovic-zavrsena-preliminarna-studija-o-nuklearnoj-energiji-u-srbiji\/#respond\"]}]},{\"@type\":\"WebPage\",\"@id\":\"http:\/\/haber.rs\/srb\/2025\/07\/11\/dedovic-handanovic-zavrsena-preliminarna-studija-o-nuklearnoj-energiji-u-srbiji\/\",\"url\":\"http:\/\/haber.rs\/srb\/2025\/07\/11\/dedovic-handanovic-zavrsena-preliminarna-studija-o-nuklearnoj-energiji-u-srbiji\/\",\"name\":\"\u0110edovi\u0107 Handanovi\u0107: Zavr\u0161ena Preliminarna Studija o Nuklearnoj Energiji u Srbiji - Imamo_haber_za_vas\",\"isPartOf\":{\"@id\":\"http:\/\/haber.rs\/srb\/#website\"},\"primaryImageOfPage\":{\"@id\":\"http:\/\/haber.rs\/srb\/2025\/07\/11\/dedovic-handanovic-zavrsena-preliminarna-studija-o-nuklearnoj-energiji-u-srbiji\/#primaryimage\"},\"image\":{\"@id\":\"http:\/\/haber.rs\/srb\/2025\/07\/11\/dedovic-handanovic-zavrsena-preliminarna-studija-o-nuklearnoj-energiji-u-srbiji\/#primaryimage\"},\"thumbnailUrl\":\"http:\/\/haber.rs\/srb\/wp-content\/uploads\/2025\/12\/mini-edf-nuclear-plant.jpg\",\"datePublished\":\"2025-07-11T00:55:00+00:00\",\"dateModified\":\"2025-12-03T11:03:08+00:00\",\"author\":{\"@id\":\"http:\/\/haber.rs\/srb\/#\/schema\/person\/cff7043c0d5bc90752bae464bc9bc049\"},\"breadcrumb\":{\"@id\":\"http:\/\/haber.rs\/srb\/2025\/07\/11\/dedovic-handanovic-zavrsena-preliminarna-studija-o-nuklearnoj-energiji-u-srbiji\/#breadcrumb\"},\"inLanguage\":\"en-US\",\"potentialAction\":[{\"@type\":\"ReadAction\",\"target\":[\"http:\/\/haber.rs\/srb\/2025\/07\/11\/dedovic-handanovic-zavrsena-preliminarna-studija-o-nuklearnoj-energiji-u-srbiji\/\"]}]},{\"@type\":\"ImageObject\",\"inLanguage\":\"en-US\",\"@id\":\"http:\/\/haber.rs\/srb\/2025\/07\/11\/dedovic-handanovic-zavrsena-preliminarna-studija-o-nuklearnoj-energiji-u-srbiji\/#primaryimage\",\"url\":\"http:\/\/haber.rs\/srb\/wp-content\/uploads\/2025\/12\/mini-edf-nuclear-plant.jpg\",\"contentUrl\":\"http:\/\/haber.rs\/srb\/wp-content\/uploads\/2025\/12\/mini-edf-nuclear-plant.jpg\",\"width\":696,\"height\":434},{\"@type\":\"BreadcrumbList\",\"@id\":\"http:\/\/haber.rs\/srb\/2025\/07\/11\/dedovic-handanovic-zavrsena-preliminarna-studija-o-nuklearnoj-energiji-u-srbiji\/#breadcrumb\",\"itemListElement\":[{\"@type\":\"ListItem\",\"position\":1,\"name\":\"Home\",\"item\":\"http:\/\/haber.rs\/srb\/\"},{\"@type\":\"ListItem\",\"position\":2,\"name\":\"\u0110edovi\u0107 Handanovi\u0107: Zavr\u0161ena Preliminarna Studija o Nuklearnoj Energiji u Srbiji\"}]},{\"@type\":\"WebSite\",\"@id\":\"http:\/\/haber.rs\/srb\/#website\",\"url\":\"http:\/\/haber.rs\/srb\/\",\"name\":\"Imamo_haber_za_vas\",\"description\":\"Haberi-koji-vas-interesuju\",\"potentialAction\":[{\"@type\":\"SearchAction\",\"target\":{\"@type\":\"EntryPoint\",\"urlTemplate\":\"http:\/\/haber.rs\/srb\/?s={search_term_string}\"},\"query-input\":{\"@type\":\"PropertyValueSpecification\",\"valueRequired\":true,\"valueName\":\"search_term_string\"}}],\"inLanguage\":\"en-US\"},{\"@type\":\"Person\",\"@id\":\"http:\/\/haber.rs\/srb\/#\/schema\/person\/cff7043c0d5bc90752bae464bc9bc049\",\"name\":\"admin\",\"image\":{\"@type\":\"ImageObject\",\"inLanguage\":\"en-US\",\"@id\":\"https:\/\/secure.gravatar.com\/avatar\/4ab59b026f1c43c6975c7a3cb627f12cd68dc58a6330ec029c5383485132749b?s=96&d=mm&r=g\",\"url\":\"https:\/\/secure.gravatar.com\/avatar\/4ab59b026f1c43c6975c7a3cb627f12cd68dc58a6330ec029c5383485132749b?s=96&d=mm&r=g\",\"contentUrl\":\"https:\/\/secure.gravatar.com\/avatar\/4ab59b026f1c43c6975c7a3cb627f12cd68dc58a6330ec029c5383485132749b?s=96&d=mm&r=g\",\"caption\":\"admin\"},\"sameAs\":[\"http:\/\/haber.rs\/srb\"],\"url\":\"http:\/\/haber.rs\/srb\/author\/admin\/\"}]}<\/script>\n<!-- \/ Yoast SEO plugin. -->","yoast_head_json":{"title":"\u0110edovi\u0107 Handanovi\u0107: Zavr\u0161ena Preliminarna Studija o Nuklearnoj Energiji u Srbiji - Imamo_haber_za_vas","robots":{"index":"index","follow":"follow","max-snippet":"max-snippet:-1","max-image-preview":"max-image-preview:large","max-video-preview":"max-video-preview:-1"},"canonical":"http:\/\/haber.rs\/srb\/2025\/07\/11\/dedovic-handanovic-zavrsena-preliminarna-studija-o-nuklearnoj-energiji-u-srbiji\/","og_locale":"en_US","og_type":"article","og_title":"\u0110edovi\u0107 Handanovi\u0107: Zavr\u0161ena Preliminarna Studija o Nuklearnoj Energiji u Srbiji - Imamo_haber_za_vas","og_description":"\u0110edovi\u0107 Handanovi\u0107: Zavr\u0161ena Preliminarna Studija o Nuklearnoj Energiji u Srbiji 11. jul 2025. \u2014 Ministarka rudarstva i energetike, Dubravka \u0110edovi\u0107 Handanovi\u0107, sastala se sa delegacijom Elektroprivrede Francuske (EDF), predvo\u0111enom potpredsednikom Vaskisom Ramanijem. Povod sastanka bilo je predstavljanje zaklju\u010daka Preliminarne tehni\u010dke studije o mirnodopskoj primeni nuklearne energije u Srbiji, \u010diju je izradu predvodio EDF. \u201ePreliminarna studija [&hellip;]","og_url":"http:\/\/haber.rs\/srb\/2025\/07\/11\/dedovic-handanovic-zavrsena-preliminarna-studija-o-nuklearnoj-energiji-u-srbiji\/","og_site_name":"Imamo_haber_za_vas","article_published_time":"2025-07-11T00:55:00+00:00","article_modified_time":"2025-12-03T11:03:08+00:00","og_image":[{"width":696,"height":434,"url":"http:\/\/haber.rs\/srb\/wp-content\/uploads\/2025\/12\/mini-edf-nuclear-plant.jpg","type":"image\/jpeg"}],"author":"admin","twitter_card":"summary_large_image","twitter_misc":{"Written by":"admin","Est. reading time":"1 minute"},"schema":{"@context":"https:\/\/schema.org","@graph":[{"@type":"Article","@id":"http:\/\/haber.rs\/srb\/2025\/07\/11\/dedovic-handanovic-zavrsena-preliminarna-studija-o-nuklearnoj-energiji-u-srbiji\/#article","isPartOf":{"@id":"http:\/\/haber.rs\/srb\/2025\/07\/11\/dedovic-handanovic-zavrsena-preliminarna-studija-o-nuklearnoj-energiji-u-srbiji\/"},"author":{"name":"admin","@id":"http:\/\/haber.rs\/srb\/#\/schema\/person\/cff7043c0d5bc90752bae464bc9bc049"},"headline":"\u0110edovi\u0107 Handanovi\u0107: Zavr\u0161ena Preliminarna Studija o Nuklearnoj Energiji u Srbiji","datePublished":"2025-07-11T00:55:00+00:00","dateModified":"2025-12-03T11:03:08+00:00","mainEntityOfPage":{"@id":"http:\/\/haber.rs\/srb\/2025\/07\/11\/dedovic-handanovic-zavrsena-preliminarna-studija-o-nuklearnoj-energiji-u-srbiji\/"},"wordCount":306,"commentCount":0,"image":{"@id":"http:\/\/haber.rs\/srb\/2025\/07\/11\/dedovic-handanovic-zavrsena-preliminarna-studija-o-nuklearnoj-energiji-u-srbiji\/#primaryimage"},"thumbnailUrl":"http:\/\/haber.rs\/srb\/wp-content\/uploads\/2025\/12\/mini-edf-nuclear-plant.jpg","articleSection":["Elektri\u010dna struja","Energetika","Francuska","Infrastruktura","Me\u0111unarodna saradnja","Ministarstvo rudarstva i energetike","Nuklearna elektrana","Nuklearna energija","Srbija","Tehnologija i inovacije"],"inLanguage":"en-US","potentialAction":[{"@type":"CommentAction","name":"Comment","target":["http:\/\/haber.rs\/srb\/2025\/07\/11\/dedovic-handanovic-zavrsena-preliminarna-studija-o-nuklearnoj-energiji-u-srbiji\/#respond"]}]},{"@type":"WebPage","@id":"http:\/\/haber.rs\/srb\/2025\/07\/11\/dedovic-handanovic-zavrsena-preliminarna-studija-o-nuklearnoj-energiji-u-srbiji\/","url":"http:\/\/haber.rs\/srb\/2025\/07\/11\/dedovic-handanovic-zavrsena-preliminarna-studija-o-nuklearnoj-energiji-u-srbiji\/","name":"\u0110edovi\u0107 Handanovi\u0107: Zavr\u0161ena Preliminarna Studija o Nuklearnoj Energiji u Srbiji - Imamo_haber_za_vas","isPartOf":{"@id":"http:\/\/haber.rs\/srb\/#website"},"primaryImageOfPage":{"@id":"http:\/\/haber.rs\/srb\/2025\/07\/11\/dedovic-handanovic-zavrsena-preliminarna-studija-o-nuklearnoj-energiji-u-srbiji\/#primaryimage"},"image":{"@id":"http:\/\/haber.rs\/srb\/2025\/07\/11\/dedovic-handanovic-zavrsena-preliminarna-studija-o-nuklearnoj-energiji-u-srbiji\/#primaryimage"},"thumbnailUrl":"http:\/\/haber.rs\/srb\/wp-content\/uploads\/2025\/12\/mini-edf-nuclear-plant.jpg","datePublished":"2025-07-11T00:55:00+00:00","dateModified":"2025-12-03T11:03:08+00:00","author":{"@id":"http:\/\/haber.rs\/srb\/#\/schema\/person\/cff7043c0d5bc90752bae464bc9bc049"},"breadcrumb":{"@id":"http:\/\/haber.rs\/srb\/2025\/07\/11\/dedovic-handanovic-zavrsena-preliminarna-studija-o-nuklearnoj-energiji-u-srbiji\/#breadcrumb"},"inLanguage":"en-US","potentialAction":[{"@type":"ReadAction","target":["http:\/\/haber.rs\/srb\/2025\/07\/11\/dedovic-handanovic-zavrsena-preliminarna-studija-o-nuklearnoj-energiji-u-srbiji\/"]}]},{"@type":"ImageObject","inLanguage":"en-US","@id":"http:\/\/haber.rs\/srb\/2025\/07\/11\/dedovic-handanovic-zavrsena-preliminarna-studija-o-nuklearnoj-energiji-u-srbiji\/#primaryimage","url":"http:\/\/haber.rs\/srb\/wp-content\/uploads\/2025\/12\/mini-edf-nuclear-plant.jpg","contentUrl":"http:\/\/haber.rs\/srb\/wp-content\/uploads\/2025\/12\/mini-edf-nuclear-plant.jpg","width":696,"height":434},{"@type":"BreadcrumbList","@id":"http:\/\/haber.rs\/srb\/2025\/07\/11\/dedovic-handanovic-zavrsena-preliminarna-studija-o-nuklearnoj-energiji-u-srbiji\/#breadcrumb","itemListElement":[{"@type":"ListItem","position":1,"name":"Home","item":"http:\/\/haber.rs\/srb\/"},{"@type":"ListItem","position":2,"name":"\u0110edovi\u0107 Handanovi\u0107: Zavr\u0161ena Preliminarna Studija o Nuklearnoj Energiji u Srbiji"}]},{"@type":"WebSite","@id":"http:\/\/haber.rs\/srb\/#website","url":"http:\/\/haber.rs\/srb\/","name":"Imamo_haber_za_vas","description":"Haberi-koji-vas-interesuju","potentialAction":[{"@type":"SearchAction","target":{"@type":"EntryPoint","urlTemplate":"http:\/\/haber.rs\/srb\/?s={search_term_string}"},"query-input":{"@type":"PropertyValueSpecification","valueRequired":true,"valueName":"search_term_string"}}],"inLanguage":"en-US"},{"@type":"Person","@id":"http:\/\/haber.rs\/srb\/#\/schema\/person\/cff7043c0d5bc90752bae464bc9bc049","name":"admin","image":{"@type":"ImageObject","inLanguage":"en-US","@id":"https:\/\/secure.gravatar.com\/avatar\/4ab59b026f1c43c6975c7a3cb627f12cd68dc58a6330ec029c5383485132749b?s=96&d=mm&r=g","url":"https:\/\/secure.gravatar.com\/avatar\/4ab59b026f1c43c6975c7a3cb627f12cd68dc58a6330ec029c5383485132749b?s=96&d=mm&r=g","contentUrl":"https:\/\/secure.gravatar.com\/avatar\/4ab59b026f1c43c6975c7a3cb627f12cd68dc58a6330ec029c5383485132749b?s=96&d=mm&r=g","caption":"admin"},"sameAs":["http:\/\/haber.rs\/srb"],"url":"http:\/\/haber.rs\/srb\/author\/admin\/"}]}},"jetpack_featured_media_url":"http:\/\/haber.rs\/srb\/wp-content\/uploads\/2025\/12\/mini-edf-nuclear-plant.jpg","_links":{"self":[{"href":"http:\/\/haber.rs\/srb\/wp-json\/wp\/v2\/posts\/446","targetHints":{"allow":["GET"]}}],"collection":[{"href":"http:\/\/haber.rs\/srb\/wp-json\/wp\/v2\/posts"}],"about":[{"href":"http:\/\/haber.rs\/srb\/wp-json\/wp\/v2\/types\/post"}],"author":[{"embeddable":true,"href":"http:\/\/haber.rs\/srb\/wp-json\/wp\/v2\/users\/1"}],"replies":[{"embeddable":true,"href":"http:\/\/haber.rs\/srb\/wp-json\/wp\/v2\/comments?post=446"}],"version-history":[{"count":1,"href":"http:\/\/haber.rs\/srb\/wp-json\/wp\/v2\/posts\/446\/revisions"}],"predecessor-version":[{"id":448,"href":"http:\/\/haber.rs\/srb\/wp-json\/wp\/v2\/posts\/446\/revisions\/448"}],"wp:featuredmedia":[{"embeddable":true,"href":"http:\/\/haber.rs\/srb\/wp-json\/wp\/v2\/media\/447"}],"wp:attachment":[{"href":"http:\/\/haber.rs\/srb\/wp-json\/wp\/v2\/media?parent=446"}],"wp:term":[{"taxonomy":"category","embeddable":true,"href":"http:\/\/haber.rs\/srb\/wp-json\/wp\/v2\/categories?post=446"},{"taxonomy":"post_tag","embeddable":true,"href":"http:\/\/haber.rs\/srb\/wp-json\/wp\/v2\/tags?post=446"}],"curies":[{"name":"wp","href":"https:\/\/api.w.org\/{rel}","templated":true}]}}