{"id":439,"date":"2025-12-03T10:17:17","date_gmt":"2025-12-03T10:17:17","guid":{"rendered":"http:\/\/haber.rs\/srb\/?p=439"},"modified":"2025-12-03T10:19:34","modified_gmt":"2025-12-03T10:19:34","slug":"sta-je-cbam-mehanizam-za-prilagodavanje-ugljenika-na-granicama-eu","status":"publish","type":"post","link":"http:\/\/haber.rs\/srb\/2025\/12\/03\/sta-je-cbam-mehanizam-za-prilagodavanje-ugljenika-na-granicama-eu\/","title":{"rendered":"\u0160ta je CBAM \u2013 Mehanizam za prilago\u0111avanje ugljenika na granicama EU"},"content":{"rendered":"\n<p class=\"wp-block-paragraph\">CBAM (Carbon Border Adjustment Mechanism) je nova regulativa Evropske unije koja uvodi ekolo\u0161ke takse na uvoz proizvoda sa visokim emisijama ugljen-dioksida. Na ovaj na\u010din, EU \u017eeli da spre\u010di da uvezeni proizvodi budu jeftiniji samo zato \u0161to proizvo\u0111a\u010di u zemljama van EU ne pla\u0107aju tro\u0161kove za zaga\u0111enje.<\/p>\n\n\n\n<h3 class=\"wp-block-heading\">Cilj mehanizma<\/h3>\n\n\n\n<ul class=\"wp-block-list\">\n<li>Za\u0161tita evropske industrije od nelojalne konkurencije<\/li>\n\n\n\n<li>Smanjenje globalnih emisija CO\u2082<\/li>\n\n\n\n<li>Spre\u010davanje \u201ecurenja ugljenika\u201c \u2013 preme\u0161tanja proizvodnje iz EU u zemlje sa bla\u017eim ekolo\u0161kim standardima<\/li>\n<\/ul>\n\n\n\n<h3 class=\"wp-block-heading\">Ko je obuhva\u0107en CBAM-om?<\/h3>\n\n\n\n<p class=\"wp-block-paragraph\">U prvoj fazi mehanizam se odnosi na uvoz slede\u0107ih proizvoda:<\/p>\n\n\n\n<ul class=\"wp-block-list\">\n<li>\u010delik i gvo\u017e\u0111e<\/li>\n\n\n\n<li>aluminijum<\/li>\n\n\n\n<li>cement<\/li>\n\n\n\n<li>\u0111ubriva<\/li>\n\n\n\n<li>vodonik<\/li>\n\n\n\n<li>elektri\u010dna energija<\/li>\n<\/ul>\n\n\n\n<p class=\"wp-block-paragraph\">O\u010dekuje se da lista u narednim godinama bude pro\u0161irena i na druge sektore.<\/p>\n\n\n\n<h3 class=\"wp-block-heading\">Kako funkcioni\u0161e CBAM?<\/h3>\n\n\n\n<p class=\"wp-block-paragraph\">Mehanizam se uvodi u dve faze:<\/p>\n\n\n\n<h4 class=\"wp-block-heading\">1&#xfe0f;&#x20e3; Prelazni period (1. oktobar 2023. \u2013 31. decembar 2025.)<\/h4>\n\n\n\n<p class=\"wp-block-paragraph\">Uvoznici su obavezni da prijavljuju emisije CO\u2082 koje poti\u010du iz proizvodnje uvo\u017eene robe, ali bez pla\u0107anja taksi.<\/p>\n\n\n\n<h4 class=\"wp-block-heading\">2&#xfe0f;&#x20e3; Puna primena (od 1. januara 2026.)<\/h4>\n\n\n\n<p class=\"wp-block-paragraph\">Uvoznici \u0107e morati da kupuju CBAM sertifikate, \u010dija vrednost prati cenu emisija CO\u2082 u EU.<\/p>\n\n\n\n<hr class=\"wp-block-separator has-alpha-channel-opacity\"\/>\n\n\n\n<h2 class=\"wp-block-heading\"><strong>\u0160ta CBAM zna\u010di za firme iz Srbije?<\/strong><\/h2>\n\n\n\n<p class=\"wp-block-paragraph\">S obzirom da je EU najve\u0107i trgovinski partner Srbije, veliki broj doma\u0107ih kompanija bi\u0107e direktno pogo\u0111en ovom regulativom. Posebno oni koji proizvode i izvoze:<\/p>\n\n\n\n<ul class=\"wp-block-list\">\n<li>metalnu industriju i proizvode od \u010delika,<\/li>\n\n\n\n<li>cement i gra\u0111evinske materijale,<\/li>\n\n\n\n<li>aluminijum i proizvode od aluminijuma.<\/li>\n<\/ul>\n\n\n\n<p class=\"wp-block-paragraph\">Da bi ostale konkurentne na tr\u017ei\u0161tu EU, kompanije \u0107e morati da:<\/p>\n\n\n\n<ul class=\"wp-block-list\">\n<li>smanje emisije CO\u2082 u procesu proizvodnje,<\/li>\n\n\n\n<li>uvedu merenje i izve\u0161tavanje o emisijama,<\/li>\n\n\n\n<li>koriste \u010distije tehnologije i energente.<\/li>\n<\/ul>\n\n\n\n<hr class=\"wp-block-separator has-alpha-channel-opacity\"\/>\n\n\n\n<h2 class=\"wp-block-heading\"><strong>Zaklju\u010dak<\/strong><\/h2>\n\n\n\n<p class=\"wp-block-paragraph\">CBAM donosi nove obaveze, ali i prilike. Investicije u ekolo\u0161ki prihvatljivije procese proizvodnje posta\u0107e klju\u010dne za opstanak i rast izvoznika na evropskom tr\u017ei\u0161tu. Oni koji se prilagode na vreme, bi\u0107e u boljoj poziciji u budu\u0107nosti \u2014 kako u EU, tako i globalno.<\/p>\n","protected":false},"excerpt":{"rendered":"<p>CBAM (Carbon Border Adjustment Mechanism) je nova regulativa Evropske unije koja uvodi ekolo\u0161ke takse na uvoz proizvoda sa visokim emisijama ugljen-dioksida. Na ovaj na\u010din, EU \u017eeli da spre\u010di da uvezeni proizvodi budu jeftiniji samo zato \u0161to proizvo\u0111a\u010di u zemljama van EU ne pla\u0107aju tro\u0161kove za zaga\u0111enje. Cilj mehanizma Ko je obuhva\u0107en CBAM-om? U prvoj fazi [&hellip;]<\/p>\n","protected":false},"author":1,"featured_media":441,"comment_status":"open","ping_status":"open","sticky":false,"template":"","format":"standard","meta":{"om_disable_all_campaigns":false,"tdm_status":"","tdm_grid_status":"","footnotes":""},"categories":[68,67],"tags":[],"class_list":["post-439","post","type-post","status-publish","format-standard","has-post-thumbnail","category-elektricna-struja","category-energetika"],"yoast_head":"<!-- This site is optimized with the Yoast SEO plugin v27.2 - https:\/\/yoast.com\/product\/yoast-seo-wordpress\/ -->\n<title>\u0160ta je CBAM \u2013 Mehanizam za prilago\u0111avanje ugljenika na granicama EU - Imamo_haber_za_vas<\/title>\n<meta name=\"robots\" content=\"index, follow, max-snippet:-1, max-image-preview:large, max-video-preview:-1\" \/>\n<link rel=\"canonical\" href=\"http:\/\/haber.rs\/srb\/2025\/12\/03\/sta-je-cbam-mehanizam-za-prilagodavanje-ugljenika-na-granicama-eu\/\" \/>\n<meta property=\"og:locale\" content=\"en_US\" \/>\n<meta property=\"og:type\" content=\"article\" \/>\n<meta property=\"og:title\" content=\"\u0160ta je CBAM \u2013 Mehanizam za prilago\u0111avanje ugljenika na granicama EU - Imamo_haber_za_vas\" \/>\n<meta property=\"og:description\" content=\"CBAM (Carbon Border Adjustment Mechanism) je nova regulativa Evropske unije koja uvodi ekolo\u0161ke takse na uvoz proizvoda sa visokim emisijama ugljen-dioksida. Na ovaj na\u010din, EU \u017eeli da spre\u010di da uvezeni proizvodi budu jeftiniji samo zato \u0161to proizvo\u0111a\u010di u zemljama van EU ne pla\u0107aju tro\u0161kove za zaga\u0111enje. Cilj mehanizma Ko je obuhva\u0107en CBAM-om? U prvoj fazi [&hellip;]\" \/>\n<meta property=\"og:url\" content=\"http:\/\/haber.rs\/srb\/2025\/12\/03\/sta-je-cbam-mehanizam-za-prilagodavanje-ugljenika-na-granicama-eu\/\" \/>\n<meta property=\"og:site_name\" content=\"Imamo_haber_za_vas\" \/>\n<meta property=\"article:published_time\" content=\"2025-12-03T10:17:17+00:00\" \/>\n<meta property=\"article:modified_time\" content=\"2025-12-03T10:19:34+00:00\" \/>\n<meta property=\"og:image\" content=\"http:\/\/haber.rs\/srb\/wp-content\/uploads\/2025\/12\/cbam-11.jpg\" \/>\n\t<meta property=\"og:image:width\" content=\"1592\" \/>\n\t<meta property=\"og:image:height\" content=\"992\" \/>\n\t<meta property=\"og:image:type\" content=\"image\/jpeg\" \/>\n<meta name=\"author\" content=\"admin\" \/>\n<meta name=\"twitter:card\" content=\"summary_large_image\" \/>\n<meta name=\"twitter:label1\" content=\"Written by\" \/>\n\t<meta name=\"twitter:data1\" content=\"admin\" \/>\n\t<meta name=\"twitter:label2\" content=\"Est. reading time\" \/>\n\t<meta name=\"twitter:data2\" content=\"2 minutes\" \/>\n<script type=\"application\/ld+json\" class=\"yoast-schema-graph\">{\"@context\":\"https:\/\/schema.org\",\"@graph\":[{\"@type\":\"Article\",\"@id\":\"http:\/\/haber.rs\/srb\/2025\/12\/03\/sta-je-cbam-mehanizam-za-prilagodavanje-ugljenika-na-granicama-eu\/#article\",\"isPartOf\":{\"@id\":\"http:\/\/haber.rs\/srb\/2025\/12\/03\/sta-je-cbam-mehanizam-za-prilagodavanje-ugljenika-na-granicama-eu\/\"},\"author\":{\"name\":\"admin\",\"@id\":\"http:\/\/haber.rs\/srb\/#\/schema\/person\/cff7043c0d5bc90752bae464bc9bc049\"},\"headline\":\"\u0160ta je CBAM \u2013 Mehanizam za prilago\u0111avanje ugljenika na granicama EU\",\"datePublished\":\"2025-12-03T10:17:17+00:00\",\"dateModified\":\"2025-12-03T10:19:34+00:00\",\"mainEntityOfPage\":{\"@id\":\"http:\/\/haber.rs\/srb\/2025\/12\/03\/sta-je-cbam-mehanizam-za-prilagodavanje-ugljenika-na-granicama-eu\/\"},\"wordCount\":331,\"commentCount\":0,\"image\":{\"@id\":\"http:\/\/haber.rs\/srb\/2025\/12\/03\/sta-je-cbam-mehanizam-za-prilagodavanje-ugljenika-na-granicama-eu\/#primaryimage\"},\"thumbnailUrl\":\"http:\/\/haber.rs\/srb\/wp-content\/uploads\/2025\/12\/cbam-11.jpg\",\"articleSection\":[\"Elektri\u010dna struja\",\"Energetika\"],\"inLanguage\":\"en-US\",\"potentialAction\":[{\"@type\":\"CommentAction\",\"name\":\"Comment\",\"target\":[\"http:\/\/haber.rs\/srb\/2025\/12\/03\/sta-je-cbam-mehanizam-za-prilagodavanje-ugljenika-na-granicama-eu\/#respond\"]}]},{\"@type\":\"WebPage\",\"@id\":\"http:\/\/haber.rs\/srb\/2025\/12\/03\/sta-je-cbam-mehanizam-za-prilagodavanje-ugljenika-na-granicama-eu\/\",\"url\":\"http:\/\/haber.rs\/srb\/2025\/12\/03\/sta-je-cbam-mehanizam-za-prilagodavanje-ugljenika-na-granicama-eu\/\",\"name\":\"\u0160ta je CBAM \u2013 Mehanizam za prilago\u0111avanje ugljenika na granicama EU - Imamo_haber_za_vas\",\"isPartOf\":{\"@id\":\"http:\/\/haber.rs\/srb\/#website\"},\"primaryImageOfPage\":{\"@id\":\"http:\/\/haber.rs\/srb\/2025\/12\/03\/sta-je-cbam-mehanizam-za-prilagodavanje-ugljenika-na-granicama-eu\/#primaryimage\"},\"image\":{\"@id\":\"http:\/\/haber.rs\/srb\/2025\/12\/03\/sta-je-cbam-mehanizam-za-prilagodavanje-ugljenika-na-granicama-eu\/#primaryimage\"},\"thumbnailUrl\":\"http:\/\/haber.rs\/srb\/wp-content\/uploads\/2025\/12\/cbam-11.jpg\",\"datePublished\":\"2025-12-03T10:17:17+00:00\",\"dateModified\":\"2025-12-03T10:19:34+00:00\",\"author\":{\"@id\":\"http:\/\/haber.rs\/srb\/#\/schema\/person\/cff7043c0d5bc90752bae464bc9bc049\"},\"breadcrumb\":{\"@id\":\"http:\/\/haber.rs\/srb\/2025\/12\/03\/sta-je-cbam-mehanizam-za-prilagodavanje-ugljenika-na-granicama-eu\/#breadcrumb\"},\"inLanguage\":\"en-US\",\"potentialAction\":[{\"@type\":\"ReadAction\",\"target\":[\"http:\/\/haber.rs\/srb\/2025\/12\/03\/sta-je-cbam-mehanizam-za-prilagodavanje-ugljenika-na-granicama-eu\/\"]}]},{\"@type\":\"ImageObject\",\"inLanguage\":\"en-US\",\"@id\":\"http:\/\/haber.rs\/srb\/2025\/12\/03\/sta-je-cbam-mehanizam-za-prilagodavanje-ugljenika-na-granicama-eu\/#primaryimage\",\"url\":\"http:\/\/haber.rs\/srb\/wp-content\/uploads\/2025\/12\/cbam-11.jpg\",\"contentUrl\":\"http:\/\/haber.rs\/srb\/wp-content\/uploads\/2025\/12\/cbam-11.jpg\",\"width\":1592,\"height\":992,\"caption\":\"Screenshot\"},{\"@type\":\"BreadcrumbList\",\"@id\":\"http:\/\/haber.rs\/srb\/2025\/12\/03\/sta-je-cbam-mehanizam-za-prilagodavanje-ugljenika-na-granicama-eu\/#breadcrumb\",\"itemListElement\":[{\"@type\":\"ListItem\",\"position\":1,\"name\":\"Home\",\"item\":\"http:\/\/haber.rs\/srb\/\"},{\"@type\":\"ListItem\",\"position\":2,\"name\":\"\u0160ta je CBAM \u2013 Mehanizam za prilago\u0111avanje ugljenika na granicama EU\"}]},{\"@type\":\"WebSite\",\"@id\":\"http:\/\/haber.rs\/srb\/#website\",\"url\":\"http:\/\/haber.rs\/srb\/\",\"name\":\"Imamo_haber_za_vas\",\"description\":\"Haberi-koji-vas-interesuju\",\"potentialAction\":[{\"@type\":\"SearchAction\",\"target\":{\"@type\":\"EntryPoint\",\"urlTemplate\":\"http:\/\/haber.rs\/srb\/?s={search_term_string}\"},\"query-input\":{\"@type\":\"PropertyValueSpecification\",\"valueRequired\":true,\"valueName\":\"search_term_string\"}}],\"inLanguage\":\"en-US\"},{\"@type\":\"Person\",\"@id\":\"http:\/\/haber.rs\/srb\/#\/schema\/person\/cff7043c0d5bc90752bae464bc9bc049\",\"name\":\"admin\",\"image\":{\"@type\":\"ImageObject\",\"inLanguage\":\"en-US\",\"@id\":\"https:\/\/secure.gravatar.com\/avatar\/4ab59b026f1c43c6975c7a3cb627f12cd68dc58a6330ec029c5383485132749b?s=96&d=mm&r=g\",\"url\":\"https:\/\/secure.gravatar.com\/avatar\/4ab59b026f1c43c6975c7a3cb627f12cd68dc58a6330ec029c5383485132749b?s=96&d=mm&r=g\",\"contentUrl\":\"https:\/\/secure.gravatar.com\/avatar\/4ab59b026f1c43c6975c7a3cb627f12cd68dc58a6330ec029c5383485132749b?s=96&d=mm&r=g\",\"caption\":\"admin\"},\"sameAs\":[\"http:\/\/haber.rs\/srb\"],\"url\":\"http:\/\/haber.rs\/srb\/author\/admin\/\"}]}<\/script>\n<!-- \/ Yoast SEO plugin. -->","yoast_head_json":{"title":"\u0160ta je CBAM \u2013 Mehanizam za prilago\u0111avanje ugljenika na granicama EU - Imamo_haber_za_vas","robots":{"index":"index","follow":"follow","max-snippet":"max-snippet:-1","max-image-preview":"max-image-preview:large","max-video-preview":"max-video-preview:-1"},"canonical":"http:\/\/haber.rs\/srb\/2025\/12\/03\/sta-je-cbam-mehanizam-za-prilagodavanje-ugljenika-na-granicama-eu\/","og_locale":"en_US","og_type":"article","og_title":"\u0160ta je CBAM \u2013 Mehanizam za prilago\u0111avanje ugljenika na granicama EU - Imamo_haber_za_vas","og_description":"CBAM (Carbon Border Adjustment Mechanism) je nova regulativa Evropske unije koja uvodi ekolo\u0161ke takse na uvoz proizvoda sa visokim emisijama ugljen-dioksida. Na ovaj na\u010din, EU \u017eeli da spre\u010di da uvezeni proizvodi budu jeftiniji samo zato \u0161to proizvo\u0111a\u010di u zemljama van EU ne pla\u0107aju tro\u0161kove za zaga\u0111enje. Cilj mehanizma Ko je obuhva\u0107en CBAM-om? U prvoj fazi [&hellip;]","og_url":"http:\/\/haber.rs\/srb\/2025\/12\/03\/sta-je-cbam-mehanizam-za-prilagodavanje-ugljenika-na-granicama-eu\/","og_site_name":"Imamo_haber_za_vas","article_published_time":"2025-12-03T10:17:17+00:00","article_modified_time":"2025-12-03T10:19:34+00:00","og_image":[{"width":1592,"height":992,"url":"http:\/\/haber.rs\/srb\/wp-content\/uploads\/2025\/12\/cbam-11.jpg","type":"image\/jpeg"}],"author":"admin","twitter_card":"summary_large_image","twitter_misc":{"Written by":"admin","Est. reading time":"2 minutes"},"schema":{"@context":"https:\/\/schema.org","@graph":[{"@type":"Article","@id":"http:\/\/haber.rs\/srb\/2025\/12\/03\/sta-je-cbam-mehanizam-za-prilagodavanje-ugljenika-na-granicama-eu\/#article","isPartOf":{"@id":"http:\/\/haber.rs\/srb\/2025\/12\/03\/sta-je-cbam-mehanizam-za-prilagodavanje-ugljenika-na-granicama-eu\/"},"author":{"name":"admin","@id":"http:\/\/haber.rs\/srb\/#\/schema\/person\/cff7043c0d5bc90752bae464bc9bc049"},"headline":"\u0160ta je CBAM \u2013 Mehanizam za prilago\u0111avanje ugljenika na granicama EU","datePublished":"2025-12-03T10:17:17+00:00","dateModified":"2025-12-03T10:19:34+00:00","mainEntityOfPage":{"@id":"http:\/\/haber.rs\/srb\/2025\/12\/03\/sta-je-cbam-mehanizam-za-prilagodavanje-ugljenika-na-granicama-eu\/"},"wordCount":331,"commentCount":0,"image":{"@id":"http:\/\/haber.rs\/srb\/2025\/12\/03\/sta-je-cbam-mehanizam-za-prilagodavanje-ugljenika-na-granicama-eu\/#primaryimage"},"thumbnailUrl":"http:\/\/haber.rs\/srb\/wp-content\/uploads\/2025\/12\/cbam-11.jpg","articleSection":["Elektri\u010dna struja","Energetika"],"inLanguage":"en-US","potentialAction":[{"@type":"CommentAction","name":"Comment","target":["http:\/\/haber.rs\/srb\/2025\/12\/03\/sta-je-cbam-mehanizam-za-prilagodavanje-ugljenika-na-granicama-eu\/#respond"]}]},{"@type":"WebPage","@id":"http:\/\/haber.rs\/srb\/2025\/12\/03\/sta-je-cbam-mehanizam-za-prilagodavanje-ugljenika-na-granicama-eu\/","url":"http:\/\/haber.rs\/srb\/2025\/12\/03\/sta-je-cbam-mehanizam-za-prilagodavanje-ugljenika-na-granicama-eu\/","name":"\u0160ta je CBAM \u2013 Mehanizam za prilago\u0111avanje ugljenika na granicama EU - Imamo_haber_za_vas","isPartOf":{"@id":"http:\/\/haber.rs\/srb\/#website"},"primaryImageOfPage":{"@id":"http:\/\/haber.rs\/srb\/2025\/12\/03\/sta-je-cbam-mehanizam-za-prilagodavanje-ugljenika-na-granicama-eu\/#primaryimage"},"image":{"@id":"http:\/\/haber.rs\/srb\/2025\/12\/03\/sta-je-cbam-mehanizam-za-prilagodavanje-ugljenika-na-granicama-eu\/#primaryimage"},"thumbnailUrl":"http:\/\/haber.rs\/srb\/wp-content\/uploads\/2025\/12\/cbam-11.jpg","datePublished":"2025-12-03T10:17:17+00:00","dateModified":"2025-12-03T10:19:34+00:00","author":{"@id":"http:\/\/haber.rs\/srb\/#\/schema\/person\/cff7043c0d5bc90752bae464bc9bc049"},"breadcrumb":{"@id":"http:\/\/haber.rs\/srb\/2025\/12\/03\/sta-je-cbam-mehanizam-za-prilagodavanje-ugljenika-na-granicama-eu\/#breadcrumb"},"inLanguage":"en-US","potentialAction":[{"@type":"ReadAction","target":["http:\/\/haber.rs\/srb\/2025\/12\/03\/sta-je-cbam-mehanizam-za-prilagodavanje-ugljenika-na-granicama-eu\/"]}]},{"@type":"ImageObject","inLanguage":"en-US","@id":"http:\/\/haber.rs\/srb\/2025\/12\/03\/sta-je-cbam-mehanizam-za-prilagodavanje-ugljenika-na-granicama-eu\/#primaryimage","url":"http:\/\/haber.rs\/srb\/wp-content\/uploads\/2025\/12\/cbam-11.jpg","contentUrl":"http:\/\/haber.rs\/srb\/wp-content\/uploads\/2025\/12\/cbam-11.jpg","width":1592,"height":992,"caption":"Screenshot"},{"@type":"BreadcrumbList","@id":"http:\/\/haber.rs\/srb\/2025\/12\/03\/sta-je-cbam-mehanizam-za-prilagodavanje-ugljenika-na-granicama-eu\/#breadcrumb","itemListElement":[{"@type":"ListItem","position":1,"name":"Home","item":"http:\/\/haber.rs\/srb\/"},{"@type":"ListItem","position":2,"name":"\u0160ta je CBAM \u2013 Mehanizam za prilago\u0111avanje ugljenika na granicama EU"}]},{"@type":"WebSite","@id":"http:\/\/haber.rs\/srb\/#website","url":"http:\/\/haber.rs\/srb\/","name":"Imamo_haber_za_vas","description":"Haberi-koji-vas-interesuju","potentialAction":[{"@type":"SearchAction","target":{"@type":"EntryPoint","urlTemplate":"http:\/\/haber.rs\/srb\/?s={search_term_string}"},"query-input":{"@type":"PropertyValueSpecification","valueRequired":true,"valueName":"search_term_string"}}],"inLanguage":"en-US"},{"@type":"Person","@id":"http:\/\/haber.rs\/srb\/#\/schema\/person\/cff7043c0d5bc90752bae464bc9bc049","name":"admin","image":{"@type":"ImageObject","inLanguage":"en-US","@id":"https:\/\/secure.gravatar.com\/avatar\/4ab59b026f1c43c6975c7a3cb627f12cd68dc58a6330ec029c5383485132749b?s=96&d=mm&r=g","url":"https:\/\/secure.gravatar.com\/avatar\/4ab59b026f1c43c6975c7a3cb627f12cd68dc58a6330ec029c5383485132749b?s=96&d=mm&r=g","contentUrl":"https:\/\/secure.gravatar.com\/avatar\/4ab59b026f1c43c6975c7a3cb627f12cd68dc58a6330ec029c5383485132749b?s=96&d=mm&r=g","caption":"admin"},"sameAs":["http:\/\/haber.rs\/srb"],"url":"http:\/\/haber.rs\/srb\/author\/admin\/"}]}},"jetpack_featured_media_url":"http:\/\/haber.rs\/srb\/wp-content\/uploads\/2025\/12\/cbam-11.jpg","_links":{"self":[{"href":"http:\/\/haber.rs\/srb\/wp-json\/wp\/v2\/posts\/439","targetHints":{"allow":["GET"]}}],"collection":[{"href":"http:\/\/haber.rs\/srb\/wp-json\/wp\/v2\/posts"}],"about":[{"href":"http:\/\/haber.rs\/srb\/wp-json\/wp\/v2\/types\/post"}],"author":[{"embeddable":true,"href":"http:\/\/haber.rs\/srb\/wp-json\/wp\/v2\/users\/1"}],"replies":[{"embeddable":true,"href":"http:\/\/haber.rs\/srb\/wp-json\/wp\/v2\/comments?post=439"}],"version-history":[{"count":1,"href":"http:\/\/haber.rs\/srb\/wp-json\/wp\/v2\/posts\/439\/revisions"}],"predecessor-version":[{"id":440,"href":"http:\/\/haber.rs\/srb\/wp-json\/wp\/v2\/posts\/439\/revisions\/440"}],"wp:featuredmedia":[{"embeddable":true,"href":"http:\/\/haber.rs\/srb\/wp-json\/wp\/v2\/media\/441"}],"wp:attachment":[{"href":"http:\/\/haber.rs\/srb\/wp-json\/wp\/v2\/media?parent=439"}],"wp:term":[{"taxonomy":"category","embeddable":true,"href":"http:\/\/haber.rs\/srb\/wp-json\/wp\/v2\/categories?post=439"},{"taxonomy":"post_tag","embeddable":true,"href":"http:\/\/haber.rs\/srb\/wp-json\/wp\/v2\/tags?post=439"}],"curies":[{"name":"wp","href":"https:\/\/api.w.org\/{rel}","templated":true}]}}